{"id":4698,"date":"2020-02-27T13:10:32","date_gmt":"2020-02-27T12:10:32","guid":{"rendered":"http:\/\/www.sp21sacz.edu.pl\/?p=4698"},"modified":"2020-02-27T13:10:32","modified_gmt":"2020-02-27T12:10:32","slug":"fantastyczny-wystep-zawodnikow-z-sp21-na-wojewodzkich-zawodach-plywackich-w-myslenicach","status":"publish","type":"post","link":"https:\/\/www.sp21sacz.edu.pl\/index.php\/2020\/02\/27\/fantastyczny-wystep-zawodnikow-z-sp21-na-wojewodzkich-zawodach-plywackich-w-myslenicach\/","title":{"rendered":"Fantastyczny wyst\u0119p zawodnik\u00f3w z SP21 na wojew\u00f3dzkich zawodach p\u0142ywackich w My\u015blenicach!"},"content":{"rendered":"\n<p>Dnia 20.02.2020r. na basenie w My\u015blenicach odby\u0142y si\u0119 WOJEW\u00d3DZKIE Igrzyska Dzieci w p\u0142ywaniu\nindywidualnym. Nasz\u0105 szko\u0142\u0119 reprezentowa\u0142o 6 os\u00f3b (Katarzyna Ku\u017ama, Milena\nLe\u015bnik, Weronika Rucha\u0142a, Maja Stawiarz, Gabriela Dulak, Adrian Rucha\u0142a) kt\u00f3re\nosi\u0105gn\u0119\u0142y fantastyczne wyniki.<\/p>\n\n\n\n<p><strong>&nbsp;&nbsp;&nbsp; <\/strong>Niesamowitego wyczynu dokona\u0142a <strong>Katarzyna Ku\u017ama<\/strong> kt\u00f3ra w gronie 30 zawodniczek zdoby\u0142a <strong>1miejsce<\/strong> i z\u0142oty medal. Z czasem 18,23s.\nzosta\u0142a <strong>MISTRZYNI\u0104\nMA\u0141OPOLSKI<\/strong> w p\u0142ywaniu stylem klasycznym dziewcz\u0105t na dystansie\n25m z rocznika 2010. Dwukrotn\u0105 mistrzyni\u0105! Kasia\nobroni\u0142a tytu\u0142 wywalczony przed rokiem i zosta\u0142a pierwsz\u0105 osob\u0105 w\nbogatej sportowej historii naszej szko\u0142y kt\u00f3ra w dyscyplinie indywidualnej, rok\npo roku si\u0119gn\u0119\u0142a po tytu\u0142 mistrzowski na tym etapie rywalizacji sportowej. Dodatkowo\npoprawi\u0142a sw\u00f3j w\u0142asny wynik na tym dystansie sprzed roku z zawod\u00f3w wojew\u00f3dzkich w Bochni o 1,23s. <\/p>\n\n\n\n<p>Swoje miejsce na podium wywalczone przed rokiem obroni\u0142a <strong>Milena Le\u015bnik. <\/strong>W\u015br\u00f3d\n37 dziewcz\u0105t na dystansie 25m stylem\ngrzbietowym zaj\u0119\u0142a <strong>3miejsce w\nMA\u0141OPOLSCE<\/strong> i z czasem 17,61s. zdoby\u0142a\nbr\u0105zowy medal. R\u00f3\u017cnice mi\u0119dzy medalistkami by\u0142y niewielkie. Do 1 miejsca\nzabrak\u0142o Milenie zaledwie 0,8s. Jednak wyra\u017any\npost\u0119p jaki poczyni\u0142a p\u0142ywaj\u0105c w s\u0105deckim STP pozwala przypuszcza\u0107 \u017ce za rok\nb\u0119dzie jeszcze lepiej.<\/p>\n\n\n\n<p>Wy\u015bmienicie spisa\u0142a si\u0119 r\u00f3wnie\u017c nasza najbardziej\ndo\u015bwiadczona zawodniczka <strong>Weronika\nRucha\u0142a, <\/strong>kt\u00f3ra zmie\u015bci\u0142a si\u0119 w pierwszej \u201e10\u201d stylu grzbietowego dziewcz\u0105t\nz rocznika 2007-2009. P\u0142yn\u0105c na dystansie 50m. Weronika zaj\u0119\u0142a <strong>9 miejsce<\/strong> z czasem (37,98s.) dzi\u0119ki czemu poprawi\u0142a swoj\u0105 lokat\u0119 z poprzednich zawod\u00f3w\nwojew\u00f3dzkich a\u017c o 6 miejsc, a czas a\u017c o 4,88s! Du\u017ce brawa nale\u017c\u0105 si\u0119 naszym najm\u0142odszym zawodniczkom kt\u00f3re\npo raz pierwszy znalaz\u0142y si\u0119 na tym szczeblu zawod\u00f3w. <\/p>\n\n\n\n<p><strong>Maja Stawiarz<\/strong> nie p\u0142ywa profesjonalnie, a jedynie pod czujnym okiem rodzic\u00f3w. Mimo to startuj\u0105c z najlepszymi p\u0142ywaczkami w Ma\u0142opolsce z rocznika 2010-2012 w stylu klasycznym okaza\u0142a si\u0119 od wielu z nich lepsza. Majka nie maj\u0105c praktycznie \u017cadnego do\u015bwiadczenia w zawodach na tym poziomie, pozostawi\u0142a \u201eza plecami\u201d 8 zawodniczek i zaj\u0119\u0142a dobre <strong>22 miejsce<\/strong>. R\u00f3wnie\u017c 100% da\u0142a z siebie <strong>Gabriela Dulak,<\/strong> kt\u00f3ra rywalizuj\u0105c na dystansie 25m. stylem grzbietowym zaj\u0119\u0142a <strong>31miejsce<\/strong>. Mimo \u017ce dla Gabrysi by\u0142 to r\u00f3wnie\u017c debiut w rywalizacji szk\u00f3\u0142 podstawowych na etapie wojew\u00f3dzkim, to osi\u0105gn\u0119\u0142a ona\u00a0 podobny wynik jak w mistrzostwach Nowego S\u0105cza. Jedynym przedstawicielem naszej szko\u0142y w kategorii ch\u0142opc\u00f3w by\u0142 mistrz Nowego S\u0105cza w stylu grzbietowym z tego roku i wicemistrz z zesz\u0142ego roku, a tak\u017ce mistrz Nowego S\u0105cza w stylu motylkowym sprzed 2 lat, by\u0142y zawodnik STP \u2013 <strong>Adrian Rucha\u0142a<\/strong>, kt\u00f3ry jest r\u00f3wnie\u017c mistrzem Ma\u0142opolski w stylu motylkowym sprzed 2 lat.\u00a0 Rywalizuj\u0105c na dystansie 50m Adrian spisa\u0142 si\u0119 \u015bwietnie i zaj\u0105\u0142 <strong>4 miejsce<\/strong>. Do medalu zabrak\u0142o zaledwie 0,07s! Wyst\u0119p ca\u0142ej naszej p\u0142ywackiej dru\u017cyny nale\u017cy uzna\u0107 za wyj\u0105tkowo udany i wszystkim nale\u017c\u0105 si\u0119 du\u017ce brawa, za wyniki oraz ambitn\u0105 postaw\u0119. Nale\u017cy r\u00f3wnie\u017c nadmieni\u0107 i\u017c w zawodach startowa\u0142y najlepsze w Ma\u0142opolsce dzieci w tej dyscyplinie sportowej a\u017c ze 157 szk\u00f3\u0142. Nasza SP21 zaj\u0119\u0142a bardzo wysokie 4 miejsce czyli tu\u017c za podium, na 24 szko\u0142y sklasyfikowane w punktacji medalowej! \u00a0\u00a0\u00a0\u00a0\u00a0\u00a0\u00a0<\/p>\n\n\n\n<figure class=\"wp-block-gallery columns-2 is-cropped wp-block-gallery-1 is-layout-flex wp-block-gallery-is-layout-flex\"><ul class=\"blocks-gallery-grid\"><li class=\"blocks-gallery-item\"><figure><a href=\"https:\/\/i0.wp.com\/www.sp21sacz.edu.pl\/wp-content\/uploads\/2020\/02\/katarzyna_kuzma_sp_21_nowy_sacz.jpg\"><img data-recalc-dims=\"1\" decoding=\"async\" src=\"https:\/\/i0.wp.com\/www.sp21sacz.edu.pl\/wp-content\/uploads\/2020\/02\/katarzyna_kuzma_sp_21_nowy_sacz.jpg?w=860\" alt=\"\" data-id=\"4696\" data-full-url=\"http:\/\/www.sp21sacz.edu.pl\/wp-content\/uploads\/2020\/02\/katarzyna_kuzma_sp_21_nowy_sacz.jpg\" data-link=\"http:\/\/www.sp21sacz.edu.pl\/katarzyna_kuzma_sp_21_nowy_sacz\/\" class=\"wp-image-4696\"\/><\/a><\/figure><\/li><li class=\"blocks-gallery-item\"><figure><a href=\"https:\/\/i0.wp.com\/www.sp21sacz.edu.pl\/wp-content\/uploads\/2020\/02\/milena_lesnik_sp_21_nowy_sacz.jpg\"><img data-recalc-dims=\"1\" decoding=\"async\" src=\"https:\/\/i0.wp.com\/www.sp21sacz.edu.pl\/wp-content\/uploads\/2020\/02\/milena_lesnik_sp_21_nowy_sacz.jpg?w=860\" alt=\"\" data-id=\"4697\" data-full-url=\"http:\/\/www.sp21sacz.edu.pl\/wp-content\/uploads\/2020\/02\/milena_lesnik_sp_21_nowy_sacz.jpg\" data-link=\"http:\/\/www.sp21sacz.edu.pl\/milena_lesnik_sp_21_nowy_sacz\/\" class=\"wp-image-4697\"\/><\/a><\/figure><\/li><\/ul><\/figure>\n","protected":false},"excerpt":{"rendered":"<p>Dnia 20.02.2020r. na basenie w My\u015blenicach odby\u0142y si\u0119 WOJEW\u00d3DZKIE Igrzyska Dzieci w p\u0142ywaniu indywidualnym. Nasz\u0105 szko\u0142\u0119 reprezentowa\u0142o 6 os\u00f3b (Katarzyna Ku\u017ama, Milena Le\u015bnik, Weronika Rucha\u0142a, Maja Stawiarz, Gabriela Dulak, Adrian Rucha\u0142a) kt\u00f3re osi\u0105gn\u0119\u0142y fantastyczne wyniki. &nbsp;&nbsp;&nbsp; Niesamowitego wyczynu dokona\u0142a Katarzyna Ku\u017ama kt\u00f3ra w gronie 30 zawodniczek zdoby\u0142a 1miejsce i z\u0142oty medal. Z czasem 18,23s. zosta\u0142a MISTRZYNI\u0104 MA\u0141OPOLSKI w p\u0142ywaniu stylem<\/p>\n","protected":false},"author":1,"featured_media":0,"comment_status":"closed","ping_status":"closed","sticky":false,"template":"","format":"standard","meta":{"jetpack_post_was_ever_published":false,"_jetpack_newsletter_access":"","_jetpack_dont_email_post_to_subs":false,"_jetpack_newsletter_tier_id":0,"_jetpack_memberships_contains_paywalled_content":false,"_jetpack_memberships_contains_paid_content":false,"footnotes":""},"categories":[1],"tags":[],"class_list":["post-4698","post","type-post","status-publish","format-standard","hentry","category-bez-kategorii"],"jetpack_featured_media_url":"","jetpack_sharing_enabled":true,"_links":{"self":[{"href":"https:\/\/www.sp21sacz.edu.pl\/index.php\/wp-json\/wp\/v2\/posts\/4698","targetHints":{"allow":["GET"]}}],"collection":[{"href":"https:\/\/www.sp21sacz.edu.pl\/index.php\/wp-json\/wp\/v2\/posts"}],"about":[{"href":"https:\/\/www.sp21sacz.edu.pl\/index.php\/wp-json\/wp\/v2\/types\/post"}],"author":[{"embeddable":true,"href":"https:\/\/www.sp21sacz.edu.pl\/index.php\/wp-json\/wp\/v2\/users\/1"}],"replies":[{"embeddable":true,"href":"https:\/\/www.sp21sacz.edu.pl\/index.php\/wp-json\/wp\/v2\/comments?post=4698"}],"version-history":[{"count":1,"href":"https:\/\/www.sp21sacz.edu.pl\/index.php\/wp-json\/wp\/v2\/posts\/4698\/revisions"}],"predecessor-version":[{"id":4699,"href":"https:\/\/www.sp21sacz.edu.pl\/index.php\/wp-json\/wp\/v2\/posts\/4698\/revisions\/4699"}],"wp:attachment":[{"href":"https:\/\/www.sp21sacz.edu.pl\/index.php\/wp-json\/wp\/v2\/media?parent=4698"}],"wp:term":[{"taxonomy":"category","embeddable":true,"href":"https:\/\/www.sp21sacz.edu.pl\/index.php\/wp-json\/wp\/v2\/categories?post=4698"},{"taxonomy":"post_tag","embeddable":true,"href":"https:\/\/www.sp21sacz.edu.pl\/index.php\/wp-json\/wp\/v2\/tags?post=4698"}],"curies":[{"name":"wp","href":"https:\/\/api.w.org\/{rel}","templated":true}]}}