{"id":4525,"date":"2020-02-10T15:13:49","date_gmt":"2020-02-10T14:13:49","guid":{"rendered":"http:\/\/www.sp21sacz.edu.pl\/?p=4525"},"modified":"2020-02-10T15:19:56","modified_gmt":"2020-02-10T14:19:56","slug":"miedzyszkolny-konkurs-koled-i-pastoralek-narodzila-nam-sie-dobroc-dla-uczniow-niepelnosprawnych","status":"publish","type":"post","link":"https:\/\/www.sp21sacz.edu.pl\/index.php\/2020\/02\/10\/miedzyszkolny-konkurs-koled-i-pastoralek-narodzila-nam-sie-dobroc-dla-uczniow-niepelnosprawnych\/","title":{"rendered":"Mi\u0119dzyszkolny konkurs kol\u0119d i pastora\u0142ek \u201e Narodzi\u0142a nam si\u0119 Dobro\u0107\u201d  dla uczni\u00f3w niepe\u0142nosprawnych."},"content":{"rendered":"<p>22.01.2020 r. uczniowie naszej szko\u0142y pod opiek\u0105 pani Ma\u0142gorzaty Janik, pani Patrycji Lipi\u0144skiej oraz pani Ma\u0142gorzaty Zelek brali udzia\u0142 w mi\u0119dzyszkolnym konkursie kol\u0119d i pastora\u0142ek pt. \u201eNarodzi\u0142a nam si\u0119 Dobro\u0107\u201d organizowanym przez Zesp\u00f3\u0142 Szk\u00f3\u0142 nr 5 \u2013 Specjalnych. Uczniowie zaprezentowali kol\u0119d\u0119 \u201eGore gwiazda\u201d. Grupa naszej szko\u0142y zaprezentowa\u0142a si\u0119 wspaniale, dzi\u0119ki temu zdobyli\u00a0 wyr\u00f3\u017cnienie.<\/p>\n<p>W sk\u0142ad grupy wchodzili: Julia Krzysztofiak, Emilia Kie\u0142basa, Karolina Chru\u015blicka, Joanna Rola, Oskar Le\u015bniak, Marcin Zo\u0144, Antoni Gucwa, Oliwia Stafin.<\/p>\n<p>Serdecznie Gratulujemy !<\/p>\n\n\t\t<style type=\"text\/css\">\n\t\t\t#gallery-1 {\n\t\t\t\tmargin: auto;\n\t\t\t}\n\t\t\t#gallery-1 .gallery-item {\n\t\t\t\tfloat: left;\n\t\t\t\tmargin-top: 10px;\n\t\t\t\ttext-align: center;\n\t\t\t\twidth: 20%;\n\t\t\t}\n\t\t\t#gallery-1 img {\n\t\t\t\tborder: 2px solid #cfcfcf;\n\t\t\t}\n\t\t\t#gallery-1 .gallery-caption {\n\t\t\t\tmargin-left: 0;\n\t\t\t}\n\t\t\t\/* see gallery_shortcode() in wp-includes\/media.php *\/\n\t\t<\/style>\n\t\t<div id='gallery-1' class='gallery galleryid-4525 gallery-columns-5 gallery-size-thumbnail'><dl class='gallery-item'>\n\t\t\t<dt class='gallery-icon landscape'>\n\t\t\t\t<a href='https:\/\/www.sp21sacz.edu.pl\/index.php\/2020\/02\/10\/miedzyszkolny-konkurs-koled-i-pastoralek-narodzila-nam-sie-dobroc-dla-uczniow-niepelnosprawnych\/attachment\/1579686621061\/'><img loading=\"lazy\" decoding=\"async\" width=\"150\" height=\"150\" src=\"https:\/\/i0.wp.com\/www.sp21sacz.edu.pl\/wp-content\/uploads\/2020\/02\/1579686621061.jpg?fit=150%2C150&amp;ssl=1\" class=\"attachment-thumbnail size-thumbnail\" alt=\"\" srcset=\"https:\/\/i0.wp.com\/www.sp21sacz.edu.pl\/wp-content\/uploads\/2020\/02\/1579686621061.jpg?resize=150%2C150&amp;ssl=1 150w, https:\/\/i0.wp.com\/www.sp21sacz.edu.pl\/wp-content\/uploads\/2020\/02\/1579686621061.jpg?resize=90%2C90&amp;ssl=1 90w, https:\/\/i0.wp.com\/www.sp21sacz.edu.pl\/wp-content\/uploads\/2020\/02\/1579686621061.jpg?resize=75%2C75&amp;ssl=1 75w, https:\/\/i0.wp.com\/www.sp21sacz.edu.pl\/wp-content\/uploads\/2020\/02\/1579686621061.jpg?zoom=2&amp;resize=150%2C150 300w, https:\/\/i0.wp.com\/www.sp21sacz.edu.pl\/wp-content\/uploads\/2020\/02\/1579686621061.jpg?zoom=3&amp;resize=150%2C150 450w\" sizes=\"auto, (max-width: 150px) 100vw, 150px\" \/><\/a>\n\t\t\t<\/dt><\/dl><dl class='gallery-item'>\n\t\t\t<dt class='gallery-icon landscape'>\n\t\t\t\t<a href='https:\/\/www.sp21sacz.edu.pl\/index.php\/2020\/02\/10\/miedzyszkolny-konkurs-koled-i-pastoralek-narodzila-nam-sie-dobroc-dla-uczniow-niepelnosprawnych\/attachment\/1579688233105\/'><img loading=\"lazy\" decoding=\"async\" width=\"150\" height=\"150\" src=\"https:\/\/i0.wp.com\/www.sp21sacz.edu.pl\/wp-content\/uploads\/2020\/02\/1579688233105.jpg?fit=150%2C150&amp;ssl=1\" class=\"attachment-thumbnail size-thumbnail\" alt=\"\" srcset=\"https:\/\/i0.wp.com\/www.sp21sacz.edu.pl\/wp-content\/uploads\/2020\/02\/1579688233105.jpg?resize=150%2C150&amp;ssl=1 150w, https:\/\/i0.wp.com\/www.sp21sacz.edu.pl\/wp-content\/uploads\/2020\/02\/1579688233105.jpg?resize=90%2C90&amp;ssl=1 90w, https:\/\/i0.wp.com\/www.sp21sacz.edu.pl\/wp-content\/uploads\/2020\/02\/1579688233105.jpg?resize=75%2C75&amp;ssl=1 75w, https:\/\/i0.wp.com\/www.sp21sacz.edu.pl\/wp-content\/uploads\/2020\/02\/1579688233105.jpg?zoom=2&amp;resize=150%2C150 300w, https:\/\/i0.wp.com\/www.sp21sacz.edu.pl\/wp-content\/uploads\/2020\/02\/1579688233105.jpg?zoom=3&amp;resize=150%2C150 450w\" sizes=\"auto, (max-width: 150px) 100vw, 150px\" \/><\/a>\n\t\t\t<\/dt><\/dl><dl class='gallery-item'>\n\t\t\t<dt class='gallery-icon landscape'>\n\t\t\t\t<a href='https:\/\/www.sp21sacz.edu.pl\/index.php\/2020\/02\/10\/miedzyszkolny-konkurs-koled-i-pastoralek-narodzila-nam-sie-dobroc-dla-uczniow-niepelnosprawnych\/img_20200122_104441\/'><img loading=\"lazy\" decoding=\"async\" width=\"150\" height=\"150\" src=\"https:\/\/i0.wp.com\/www.sp21sacz.edu.pl\/wp-content\/uploads\/2020\/02\/IMG_20200122_104441.jpg?fit=150%2C150&amp;ssl=1\" class=\"attachment-thumbnail size-thumbnail\" alt=\"\" srcset=\"https:\/\/i0.wp.com\/www.sp21sacz.edu.pl\/wp-content\/uploads\/2020\/02\/IMG_20200122_104441.jpg?resize=150%2C150&amp;ssl=1 150w, https:\/\/i0.wp.com\/www.sp21sacz.edu.pl\/wp-content\/uploads\/2020\/02\/IMG_20200122_104441.jpg?resize=90%2C90&amp;ssl=1 90w, https:\/\/i0.wp.com\/www.sp21sacz.edu.pl\/wp-content\/uploads\/2020\/02\/IMG_20200122_104441.jpg?resize=75%2C75&amp;ssl=1 75w, https:\/\/i0.wp.com\/www.sp21sacz.edu.pl\/wp-content\/uploads\/2020\/02\/IMG_20200122_104441.jpg?zoom=2&amp;resize=150%2C150 300w, https:\/\/i0.wp.com\/www.sp21sacz.edu.pl\/wp-content\/uploads\/2020\/02\/IMG_20200122_104441.jpg?zoom=3&amp;resize=150%2C150 450w\" sizes=\"auto, (max-width: 150px) 100vw, 150px\" \/><\/a>\n\t\t\t<\/dt><\/dl><dl class='gallery-item'>\n\t\t\t<dt class='gallery-icon landscape'>\n\t\t\t\t<a href='https:\/\/www.sp21sacz.edu.pl\/index.php\/2020\/02\/10\/miedzyszkolny-konkurs-koled-i-pastoralek-narodzila-nam-sie-dobroc-dla-uczniow-niepelnosprawnych\/img_20200122_120720\/'><img loading=\"lazy\" decoding=\"async\" width=\"150\" height=\"150\" src=\"https:\/\/i0.wp.com\/www.sp21sacz.edu.pl\/wp-content\/uploads\/2020\/02\/IMG_20200122_120720.jpg?fit=150%2C150&amp;ssl=1\" class=\"attachment-thumbnail size-thumbnail\" alt=\"\" srcset=\"https:\/\/i0.wp.com\/www.sp21sacz.edu.pl\/wp-content\/uploads\/2020\/02\/IMG_20200122_120720.jpg?resize=150%2C150&amp;ssl=1 150w, https:\/\/i0.wp.com\/www.sp21sacz.edu.pl\/wp-content\/uploads\/2020\/02\/IMG_20200122_120720.jpg?resize=90%2C90&amp;ssl=1 90w, https:\/\/i0.wp.com\/www.sp21sacz.edu.pl\/wp-content\/uploads\/2020\/02\/IMG_20200122_120720.jpg?resize=75%2C75&amp;ssl=1 75w, https:\/\/i0.wp.com\/www.sp21sacz.edu.pl\/wp-content\/uploads\/2020\/02\/IMG_20200122_120720.jpg?zoom=2&amp;resize=150%2C150 300w, https:\/\/i0.wp.com\/www.sp21sacz.edu.pl\/wp-content\/uploads\/2020\/02\/IMG_20200122_120720.jpg?zoom=3&amp;resize=150%2C150 450w\" sizes=\"auto, (max-width: 150px) 100vw, 150px\" \/><\/a>\n\t\t\t<\/dt><\/dl><dl class='gallery-item'>\n\t\t\t<dt class='gallery-icon landscape'>\n\t\t\t\t<a href='https:\/\/www.sp21sacz.edu.pl\/index.php\/2020\/02\/10\/miedzyszkolny-konkurs-koled-i-pastoralek-narodzila-nam-sie-dobroc-dla-uczniow-niepelnosprawnych\/img_20200122_130036\/'><img loading=\"lazy\" decoding=\"async\" width=\"150\" height=\"150\" src=\"https:\/\/i0.wp.com\/www.sp21sacz.edu.pl\/wp-content\/uploads\/2020\/02\/IMG_20200122_130036.jpg?fit=150%2C150&amp;ssl=1\" class=\"attachment-thumbnail size-thumbnail\" alt=\"\" srcset=\"https:\/\/i0.wp.com\/www.sp21sacz.edu.pl\/wp-content\/uploads\/2020\/02\/IMG_20200122_130036.jpg?resize=150%2C150&amp;ssl=1 150w, https:\/\/i0.wp.com\/www.sp21sacz.edu.pl\/wp-content\/uploads\/2020\/02\/IMG_20200122_130036.jpg?resize=90%2C90&amp;ssl=1 90w, https:\/\/i0.wp.com\/www.sp21sacz.edu.pl\/wp-content\/uploads\/2020\/02\/IMG_20200122_130036.jpg?resize=75%2C75&amp;ssl=1 75w, https:\/\/i0.wp.com\/www.sp21sacz.edu.pl\/wp-content\/uploads\/2020\/02\/IMG_20200122_130036.jpg?zoom=2&amp;resize=150%2C150 300w, https:\/\/i0.wp.com\/www.sp21sacz.edu.pl\/wp-content\/uploads\/2020\/02\/IMG_20200122_130036.jpg?zoom=3&amp;resize=150%2C150 450w\" sizes=\"auto, (max-width: 150px) 100vw, 150px\" \/><\/a>\n\t\t\t<\/dt><\/dl><br style=\"clear: both\" \/>\n\t\t<\/div>\n\n","protected":false},"excerpt":{"rendered":"<p>22.01.2020 r. uczniowie naszej szko\u0142y pod opiek\u0105 pani Ma\u0142gorzaty Janik, pani Patrycji Lipi\u0144skiej oraz pani Ma\u0142gorzaty Zelek brali udzia\u0142 w mi\u0119dzyszkolnym konkursie kol\u0119d i pastora\u0142ek pt. \u201eNarodzi\u0142a nam si\u0119 Dobro\u0107\u201d organizowanym przez Zesp\u00f3\u0142 Szk\u00f3\u0142 nr 5 \u2013 Specjalnych. Uczniowie zaprezentowali kol\u0119d\u0119 \u201eGore gwiazda\u201d. Grupa naszej szko\u0142y zaprezentowa\u0142a si\u0119 wspaniale, dzi\u0119ki temu zdobyli\u00a0 wyr\u00f3\u017cnienie. W sk\u0142ad grupy wchodzili: Julia Krzysztofiak, Emilia<\/p>\n","protected":false},"author":1,"featured_media":0,"comment_status":"closed","ping_status":"closed","sticky":false,"template":"","format":"standard","meta":{"jetpack_post_was_ever_published":false,"_jetpack_newsletter_access":"","_jetpack_dont_email_post_to_subs":false,"_jetpack_newsletter_tier_id":0,"_jetpack_memberships_contains_paywalled_content":false,"_jetpack_memberships_contains_paid_content":false,"footnotes":""},"categories":[1],"tags":[],"class_list":["post-4525","post","type-post","status-publish","format-standard","hentry","category-bez-kategorii"],"jetpack_featured_media_url":"","jetpack_sharing_enabled":true,"_links":{"self":[{"href":"https:\/\/www.sp21sacz.edu.pl\/index.php\/wp-json\/wp\/v2\/posts\/4525","targetHints":{"allow":["GET"]}}],"collection":[{"href":"https:\/\/www.sp21sacz.edu.pl\/index.php\/wp-json\/wp\/v2\/posts"}],"about":[{"href":"https:\/\/www.sp21sacz.edu.pl\/index.php\/wp-json\/wp\/v2\/types\/post"}],"author":[{"embeddable":true,"href":"https:\/\/www.sp21sacz.edu.pl\/index.php\/wp-json\/wp\/v2\/users\/1"}],"replies":[{"embeddable":true,"href":"https:\/\/www.sp21sacz.edu.pl\/index.php\/wp-json\/wp\/v2\/comments?post=4525"}],"version-history":[{"count":3,"href":"https:\/\/www.sp21sacz.edu.pl\/index.php\/wp-json\/wp\/v2\/posts\/4525\/revisions"}],"predecessor-version":[{"id":4534,"href":"https:\/\/www.sp21sacz.edu.pl\/index.php\/wp-json\/wp\/v2\/posts\/4525\/revisions\/4534"}],"wp:attachment":[{"href":"https:\/\/www.sp21sacz.edu.pl\/index.php\/wp-json\/wp\/v2\/media?parent=4525"}],"wp:term":[{"taxonomy":"category","embeddable":true,"href":"https:\/\/www.sp21sacz.edu.pl\/index.php\/wp-json\/wp\/v2\/categories?post=4525"},{"taxonomy":"post_tag","embeddable":true,"href":"https:\/\/www.sp21sacz.edu.pl\/index.php\/wp-json\/wp\/v2\/tags?post=4525"}],"curies":[{"name":"wp","href":"https:\/\/api.w.org\/{rel}","templated":true}]}}