{"id":3845,"date":"2019-10-30T08:08:37","date_gmt":"2019-10-30T07:08:37","guid":{"rendered":"http:\/\/www.sp21sacz.edu.pl\/?p=3845"},"modified":"2019-10-30T13:34:20","modified_gmt":"2019-10-30T12:34:20","slug":"mistrzostwa-nowego-sacza-halowa-pilka-nozna-dziewczat","status":"publish","type":"post","link":"https:\/\/www.sp21sacz.edu.pl\/index.php\/2019\/10\/30\/mistrzostwa-nowego-sacza-halowa-pilka-nozna-dziewczat\/","title":{"rendered":"MISTRZYNIE \u201eHAL\u00d3WKI\u201d z SP21"},"content":{"rendered":"<p>Dnia 29.10.2019r. w Hali Sportowej MOSiR na ul. Nadbrze\u017cnej odby\u0142 si\u0119 turniej halowej pi\u0142ki no\u017cnej dziewcz\u0105t 7-8 klas (rocznik 2005, 2006) w ramach Igrzysk M\u0142odzie\u017cy Szkolnej. W zawodach udzia\u0142 wzi\u0119\u0142o 8 szk\u00f3\u0142. Mecze by\u0142y rozgrywane w dw\u00f3ch. Grupa A (SP15, SP18, SP21, KSP), Grupa B (SP2, SP3, SP9, SP15). Po 2 najlepsze dru\u017cyny z obu grup awansowa\u0142y do p\u00f3\u0142fina\u0142\u00f3w, a ich zwyci\u0119zcy do fina\u0142u. Bezkonkurencyjna okaza\u0142a si\u0119 dru\u017cyna \u201edwudziestka jedynka\u201d. W ca\u0142ym turnieju nasze pi\u0142karki rozegra\u0142y 5 mecz\u00f3w: odnosz\u0105c 4 zwyci\u0119stwa i 1 remis. Te wyniki da\u0142y <strong><u>1 miejsce<\/u><\/strong> w klasyfikacji ko\u0144cowej i <u>MISTRZOSTWO<\/u> Nowego S\u0105cza, oraz awans na zawody rejonowe.<\/p>\n<p><!--more--><\/p>\n<p>Przez mecze grupowe nasze pi\u0142karki przesz\u0142y jak burza pokonuj\u0105c <strong><u>3-0<\/u><\/strong> KSP (2 bramki Dyba\u015b, 1 Grybel) \u00a0<strong><u>2-0<\/u><\/strong> SP18 (1 bramka Dyba\u015b, 1 Grybel) i <strong><u>2-0<\/u><\/strong> SP15 (2 bramki Grybel). Najtrudniejsze by\u0142o spotkanie p\u00f3\u0142fina\u0142owe z SP9 a wi\u0119c z dru\u017cyn\u0105 w sk\u0142adzie kt\u00f3rej wyst\u0119puj\u0105 a\u017c 3 zawodniczki s\u0105deckiej \u201eStar\u00f3wki\u201d. Jednak 2 bramki niezawodnej Ani Grybel da\u0142y zwyci\u0119stwo <strong><u>2-0<\/u><\/strong> i awans do fina\u0142u gdzie ponownie czeka\u0142a \u201epi\u0119tnastka\u201d. Ostatni mecz turnieju zako\u0144czy\u0142 si\u0119 wynikiem <strong><u>0-0<\/u><\/strong>, wi\u0119c o 1 miejscu decydowa\u0142y rzuty karne w kt\u00f3rych nasze uczennice okaza\u0142y si\u0119 lepsze wygrywaj\u0105c <strong><u>3-2<\/u><\/strong>. Bezb\u0142\u0119dnymi wykonawczyniami karnych okaza\u0142y si\u0119 Wiktoria Obrzut, Anna Grybel, oraz Odetta Ma\u015blanka &#8211; kt\u00f3ra r\u00f3wnie\u017c obroni\u0142a jeden z rzut\u00f3w karnych rywalek. W ca\u0142ym turnieju dziewcz\u0119ta strzeli\u0142y a\u017c 9 bramek nie trac\u0105c ani jednej!!! <u>Anna Grybel<\/u> zosta\u0142a <strong>kr\u00f3lem strzelc\u00f3w<\/strong> turnieju z dorobkiem 6 goli.\u00a0\u00a0 <strong><u>\u00a0\u00a0<\/u><\/strong><\/p>\n<p style=\"text-align: center;\"><strong><u>WYNIKI WSZYSTKICH MECZY <\/u><\/strong><strong><u>SP21<\/u><\/strong><\/p>\n<p style=\"text-align: center;\">\u00a0<strong><em>\u00a0\u00a0\u00a0\u00a0\u00a0\u00a0\u00a0\u00a0\u00a0\u00a0\u00a0\u00a0\u00a0\u00a0\u00a0\u00a0\u00a0\u00a0\u00a0\u00a0\u00a0\u00a0\u00a0\u00a0\u00a0\u00a0\u00a0\u00a0\u00a0\u00a0\u00a0\u00a0\u00a0\u00a0\u00a0\u00a0\u00a0\u00a0\u00a0\u00a0\u00a0\u00a0\u00a0\u00a0\u00a0\u00a0\u00a0\u00a0\u00a0\u00a0\u00a0\u00a0\u00a0\u00a0\u00a0\u00a0\u00a0\u00a0 <\/em><\/strong><\/p>\n<p style=\"text-align: center;\">\u00a0\u00a0\u00a0\u00a0\u00a0\u00a0\u00a0\u00a0\u00a0\u00a0\u00a0\u00a0 \u00a0\u00a0\u00a0\u00a0\u00a0\u00a0\u00a0\u00a0\u00a0\u00a0\u00a0\u00a0\u00a0\u00a0\u00a0\u00a0\u00a0\u00a0\u00a0\u00a0\u00a0\u00a0\u00a0\u00a0\u00a0 <strong>SP21 \u2013 <\/strong>KSP<strong>\u00a0\u00a0\u00a0\u00a0\u00a0\u00a0\u00a0\u00a0\u00a0 \u00a0\u00a0\u00a0\u00a0<\/strong><strong>\u00a0<\/strong><strong><u>(3-0)<\/u><\/strong><\/p>\n<p style=\"text-align: center;\">\u00a0 \u00a0 \u00a0 \u00a0 \u00a0 \u00a0 \u00a0 \u00a0 \u00a0 \u00a0 \u00a0 \u00a0 \u00a0 \u00a0 \u00a0 \u00a0 \u00a0 \u00a0 \u00a0 \u00a0 <strong>SP21 \u2013 <\/strong>SP18<strong>\u00a0\u00a0\u00a0\u00a0\u00a0\u00a0\u00a0\u00a0 \u00a0\u00a0\u00a0\u00a0<\/strong><strong><u>(2-0)<\/u><\/strong><\/p>\n<p style=\"text-align: center;\">\u00a0 \u00a0 \u00a0 \u00a0 \u00a0 \u00a0 \u00a0 \u00a0 \u00a0 \u00a0 \u00a0 \u00a0 \u00a0 \u00a0 \u00a0 \u00a0 \u00a0 \u00a0 \u00a0 \u00a0<strong>SP21 \u2013 <\/strong>SP15<strong> \u00a0\u00a0\u00a0\u00a0\u00a0\u00a0\u00a0\u00a0\u00a0\u00a0\u00a0\u00a0<\/strong><strong><u>(2-0)<\/u><\/strong><\/p>\n<p style=\"text-align: center;\">\u00a0\u00a0\u00a0\u00a0\u00a0\u00a0\u00a0\u00a0\u00a0\u00a0\u00a0\u00a0 \u00a0\u00a0\u00a0\u00a0\u00a0\u00a0\u00a0\u00a0\u00a0\u00a0\u00a0\u00a0\u00a0\u00a0\u00a0\u00a0\u00a0\u00a0\u00a0\u00a0\u00a0\u00a0\u00a0\u00a0\u00a0<strong>SP21 \u2013 <\/strong>SP9<strong>\u00a0\u00a0\u00a0\u00a0\u00a0\u00a0\u00a0\u00a0\u00a0 \u00a0\u00a0\u00a0\u00a0\u00a0<\/strong><strong><u>(2-0)<\/u><\/strong><\/p>\n<p style=\"text-align: center;\">\u00a0 \u00a0 \u00a0 \u00a0 \u00a0 \u00a0 \u00a0 \u00a0 \u00a0 \u00a0<strong>SP21 \u2013 <\/strong>SP15<strong>\u00a0\u00a0\u00a0\u00a0\u00a0\u00a0\u00a0 \u00a0\u00a0\u00a0\u00a0\u00a0<\/strong><strong><u>(0-0)<\/u><\/strong> \u00a0\u00a0\u00a0karne <strong><u>(3-2)<\/u><\/strong><\/p>\n<p>&nbsp;<\/p>\n<p><strong>\u00a0\u00a0\u00a0\u00a0\u00a0\u00a0\u00a0\u00a0\u00a0\u00a0\u00a0\u00a0\u00a0\u00a0\u00a0\u00a0\u00a0\u00a0\u00a0\u00a0\u00a0 \u00a0\u00a0\u00a0\u00a0\u00a0\u00a0\u00a0\u00a0\u00a0\u00a0\u00a0\u00a0\u00a0\u00a0\u00a0\u00a0\u00a0\u00a0\u00a0\u00a0\u00a0\u00a0<u>KO\u0143COWA KOLEJNO\u015a\u0106 NA PODIUM <\/u><\/strong><\/p>\n<p>&nbsp;<\/p>\n<p><strong>\u00a0\u00a0\u00a0\u00a0\u00a0\u00a0\u00a0\u00a0\u00a0\u00a0\u00a0\u00a0\u00a0\u00a0\u00a0\u00a0\u00a0\u00a0\u00a0\u00a0\u00a0\u00a0\u00a0\u00a0\u00a0\u00a0\u00a0\u00a0\u00a0\u00a0\u00a0\u00a0\u00a0\u00a0\u00a0\u00a0\u00a0\u00a0\u00a0\u00a0\u00a0\u00a0\u00a0\u00a0\u00a0\u00a0\u00a0\u00a0\u00a0\u00a0\u00a0\u00a0\u00a0\u00a0\u00a0\u00a0\u00a0\u00a0\u00a0\u00a0\u00a0 1 miejsce \u2013 SP 21\u00a0\u00a0\u00a0 <\/strong>&#8211;\u00a0 awans do zawod\u00f3w rejonowych<strong>\u00a0\u00a0 <\/strong><\/p>\n<p>2 miejsce \u2013\u00a0 SP 15<\/p>\n<p>3 miejsce \u2013 \u00a0\u00a0\u00a0SP 9<\/p>\n<p>&nbsp;<\/p>\n<p>&nbsp;<\/p>\n<p><u>Dru\u017cyna dziewcz\u0105t SP21 wyst\u0105pi\u0142a w nast\u0119puj\u0105cym sk\u0142adzie:<\/u><\/p>\n<p>Anna Grybel <strong>(6 bramek)<\/strong>, Blanka Dyba\u015b <strong>(3)<\/strong>, Wiktoria Obrzut, Justyna Michalik, Kinga Mr\u00f3z, Wiktoria Kowalska, Odetta Ma\u015blanka <strong>(<\/strong>bramkarka<strong>)<\/strong>.<\/p>\n<p>Opiekunem dru\u017cyny by\u0142 Dariusz Peciak.<\/p>\n\n\t\t<style type=\"text\/css\">\n\t\t\t#gallery-1 {\n\t\t\t\tmargin: auto;\n\t\t\t}\n\t\t\t#gallery-1 .gallery-item {\n\t\t\t\tfloat: left;\n\t\t\t\tmargin-top: 10px;\n\t\t\t\ttext-align: center;\n\t\t\t\twidth: 33%;\n\t\t\t}\n\t\t\t#gallery-1 img {\n\t\t\t\tborder: 2px solid #cfcfcf;\n\t\t\t}\n\t\t\t#gallery-1 .gallery-caption {\n\t\t\t\tmargin-left: 0;\n\t\t\t}\n\t\t\t\/* see gallery_shortcode() in wp-includes\/media.php *\/\n\t\t<\/style>\n\t\t<div id='gallery-1' class='gallery galleryid-3845 gallery-columns-3 gallery-size-thumbnail'><dl class='gallery-item'>\n\t\t\t<dt class='gallery-icon landscape'>\n\t\t\t\t<a href=\"https:\/\/i0.wp.com\/www.sp21sacz.edu.pl\/wp-content\/uploads\/2019\/10\/Resized_20191029_133700002.jpeg?ssl=1\"><img loading=\"lazy\" decoding=\"async\" width=\"150\" height=\"150\" src=\"https:\/\/i0.wp.com\/www.sp21sacz.edu.pl\/wp-content\/uploads\/2019\/10\/Resized_20191029_133700002.jpeg?fit=150%2C150&amp;ssl=1\" class=\"attachment-thumbnail size-thumbnail\" alt=\"\" srcset=\"https:\/\/i0.wp.com\/www.sp21sacz.edu.pl\/wp-content\/uploads\/2019\/10\/Resized_20191029_133700002.jpeg?resize=150%2C150&amp;ssl=1 150w, https:\/\/i0.wp.com\/www.sp21sacz.edu.pl\/wp-content\/uploads\/2019\/10\/Resized_20191029_133700002.jpeg?resize=90%2C90&amp;ssl=1 90w, https:\/\/i0.wp.com\/www.sp21sacz.edu.pl\/wp-content\/uploads\/2019\/10\/Resized_20191029_133700002.jpeg?resize=75%2C75&amp;ssl=1 75w, https:\/\/i0.wp.com\/www.sp21sacz.edu.pl\/wp-content\/uploads\/2019\/10\/Resized_20191029_133700002.jpeg?zoom=2&amp;resize=150%2C150 300w, https:\/\/i0.wp.com\/www.sp21sacz.edu.pl\/wp-content\/uploads\/2019\/10\/Resized_20191029_133700002.jpeg?zoom=3&amp;resize=150%2C150 450w\" sizes=\"auto, (max-width: 150px) 100vw, 150px\" \/><\/a>\n\t\t\t<\/dt><\/dl><dl class='gallery-item'>\n\t\t\t<dt class='gallery-icon landscape'>\n\t\t\t\t<a href=\"https:\/\/i0.wp.com\/www.sp21sacz.edu.pl\/wp-content\/uploads\/2019\/10\/74662491_3026349997395182_5686177460249427968_n.jpg?ssl=1\"><img loading=\"lazy\" decoding=\"async\" width=\"150\" height=\"150\" src=\"https:\/\/i0.wp.com\/www.sp21sacz.edu.pl\/wp-content\/uploads\/2019\/10\/74662491_3026349997395182_5686177460249427968_n.jpg?fit=150%2C150&amp;ssl=1\" class=\"attachment-thumbnail size-thumbnail\" alt=\"\" srcset=\"https:\/\/i0.wp.com\/www.sp21sacz.edu.pl\/wp-content\/uploads\/2019\/10\/74662491_3026349997395182_5686177460249427968_n.jpg?resize=150%2C150&amp;ssl=1 150w, https:\/\/i0.wp.com\/www.sp21sacz.edu.pl\/wp-content\/uploads\/2019\/10\/74662491_3026349997395182_5686177460249427968_n.jpg?resize=90%2C90&amp;ssl=1 90w, https:\/\/i0.wp.com\/www.sp21sacz.edu.pl\/wp-content\/uploads\/2019\/10\/74662491_3026349997395182_5686177460249427968_n.jpg?resize=75%2C75&amp;ssl=1 75w, https:\/\/i0.wp.com\/www.sp21sacz.edu.pl\/wp-content\/uploads\/2019\/10\/74662491_3026349997395182_5686177460249427968_n.jpg?zoom=2&amp;resize=150%2C150 300w, https:\/\/i0.wp.com\/www.sp21sacz.edu.pl\/wp-content\/uploads\/2019\/10\/74662491_3026349997395182_5686177460249427968_n.jpg?zoom=3&amp;resize=150%2C150 450w\" sizes=\"auto, (max-width: 150px) 100vw, 150px\" \/><\/a>\n\t\t\t<\/dt><\/dl><dl class='gallery-item'>\n\t\t\t<dt class='gallery-icon landscape'>\n\t\t\t\t<a href=\"https:\/\/i0.wp.com\/www.sp21sacz.edu.pl\/wp-content\/uploads\/2019\/10\/74627091_3026350334061815_3298996416218660864_n.jpg?ssl=1\"><img loading=\"lazy\" decoding=\"async\" width=\"150\" height=\"150\" src=\"https:\/\/i0.wp.com\/www.sp21sacz.edu.pl\/wp-content\/uploads\/2019\/10\/74627091_3026350334061815_3298996416218660864_n.jpg?fit=150%2C150&amp;ssl=1\" class=\"attachment-thumbnail size-thumbnail\" alt=\"\" srcset=\"https:\/\/i0.wp.com\/www.sp21sacz.edu.pl\/wp-content\/uploads\/2019\/10\/74627091_3026350334061815_3298996416218660864_n.jpg?resize=150%2C150&amp;ssl=1 150w, https:\/\/i0.wp.com\/www.sp21sacz.edu.pl\/wp-content\/uploads\/2019\/10\/74627091_3026350334061815_3298996416218660864_n.jpg?resize=90%2C90&amp;ssl=1 90w, https:\/\/i0.wp.com\/www.sp21sacz.edu.pl\/wp-content\/uploads\/2019\/10\/74627091_3026350334061815_3298996416218660864_n.jpg?resize=75%2C75&amp;ssl=1 75w, https:\/\/i0.wp.com\/www.sp21sacz.edu.pl\/wp-content\/uploads\/2019\/10\/74627091_3026350334061815_3298996416218660864_n.jpg?zoom=2&amp;resize=150%2C150 300w, https:\/\/i0.wp.com\/www.sp21sacz.edu.pl\/wp-content\/uploads\/2019\/10\/74627091_3026350334061815_3298996416218660864_n.jpg?zoom=3&amp;resize=150%2C150 450w\" sizes=\"auto, (max-width: 150px) 100vw, 150px\" \/><\/a>\n\t\t\t<\/dt><\/dl><br style=\"clear: both\" \/>\n\t\t<\/div>\n\n","protected":false},"excerpt":{"rendered":"<p>Dnia 29.10.2019r. w Hali Sportowej MOSiR na ul. Nadbrze\u017cnej odby\u0142 si\u0119 turniej halowej pi\u0142ki no\u017cnej dziewcz\u0105t 7-8 klas (rocznik 2005, 2006) w ramach Igrzysk M\u0142odzie\u017cy Szkolnej. W zawodach udzia\u0142 wzi\u0119\u0142o 8 szk\u00f3\u0142. Mecze by\u0142y rozgrywane w dw\u00f3ch. Grupa A (SP15, SP18, SP21, KSP), Grupa B (SP2, SP3, SP9, SP15). Po 2 najlepsze dru\u017cyny z obu grup awansowa\u0142y do p\u00f3\u0142fina\u0142\u00f3w, a<\/p>\n","protected":false},"author":1,"featured_media":3860,"comment_status":"closed","ping_status":"closed","sticky":false,"template":"","format":"standard","meta":{"jetpack_post_was_ever_published":false,"_jetpack_newsletter_access":"","_jetpack_dont_email_post_to_subs":false,"_jetpack_newsletter_tier_id":0,"_jetpack_memberships_contains_paywalled_content":false,"_jetpack_memberships_contains_paid_content":false,"footnotes":""},"categories":[1],"tags":[],"class_list":["post-3845","post","type-post","status-publish","format-standard","has-post-thumbnail","hentry","category-bez-kategorii"],"jetpack_featured_media_url":"https:\/\/i0.wp.com\/www.sp21sacz.edu.pl\/wp-content\/uploads\/2019\/10\/Resized_20191029_133700002.jpeg?fit=2110%2C974&ssl=1","jetpack_sharing_enabled":true,"_links":{"self":[{"href":"https:\/\/www.sp21sacz.edu.pl\/index.php\/wp-json\/wp\/v2\/posts\/3845","targetHints":{"allow":["GET"]}}],"collection":[{"href":"https:\/\/www.sp21sacz.edu.pl\/index.php\/wp-json\/wp\/v2\/posts"}],"about":[{"href":"https:\/\/www.sp21sacz.edu.pl\/index.php\/wp-json\/wp\/v2\/types\/post"}],"author":[{"embeddable":true,"href":"https:\/\/www.sp21sacz.edu.pl\/index.php\/wp-json\/wp\/v2\/users\/1"}],"replies":[{"embeddable":true,"href":"https:\/\/www.sp21sacz.edu.pl\/index.php\/wp-json\/wp\/v2\/comments?post=3845"}],"version-history":[{"count":4,"href":"https:\/\/www.sp21sacz.edu.pl\/index.php\/wp-json\/wp\/v2\/posts\/3845\/revisions"}],"predecessor-version":[{"id":3861,"href":"https:\/\/www.sp21sacz.edu.pl\/index.php\/wp-json\/wp\/v2\/posts\/3845\/revisions\/3861"}],"wp:featuredmedia":[{"embeddable":true,"href":"https:\/\/www.sp21sacz.edu.pl\/index.php\/wp-json\/wp\/v2\/media\/3860"}],"wp:attachment":[{"href":"https:\/\/www.sp21sacz.edu.pl\/index.php\/wp-json\/wp\/v2\/media?parent=3845"}],"wp:term":[{"taxonomy":"category","embeddable":true,"href":"https:\/\/www.sp21sacz.edu.pl\/index.php\/wp-json\/wp\/v2\/categories?post=3845"},{"taxonomy":"post_tag","embeddable":true,"href":"https:\/\/www.sp21sacz.edu.pl\/index.php\/wp-json\/wp\/v2\/tags?post=3845"}],"curies":[{"name":"wp","href":"https:\/\/api.w.org\/{rel}","templated":true}]}}