{"id":3440,"date":"2019-06-21T18:59:48","date_gmt":"2019-06-21T16:59:48","guid":{"rendered":"http:\/\/www.sp21sacz.edu.pl\/?p=3440"},"modified":"2019-06-21T18:59:56","modified_gmt":"2019-06-21T16:59:56","slug":"xx-szkolny-festiwal-mlodych-talentow","status":"publish","type":"post","link":"https:\/\/www.sp21sacz.edu.pl\/index.php\/2019\/06\/21\/xx-szkolny-festiwal-mlodych-talentow\/","title":{"rendered":"XX Szkolny Festiwal M\u0142odych Talent\u00f3w"},"content":{"rendered":"<p>W dniu 10 czerwca swoje umiej\u0119tno\u015bci artystyczne zaprezentowa\u0142o a\u017c 60 uczni\u00f3w naszej szko\u0142y.<\/p>\n<p>M\u0142odzi &#8211; zdolni zaprezentowali si\u0119 w trzech kategoriach estetycznych: instrument, taniec, \u015bpiew.<\/p>\n<p>Przegl\u0105dowi towarzyszy\u0142a wystawa eko-instrument\u00f3w wykonanych przez naszych wychowank\u00f3w.<\/p>\n<p>Zapraszamy do udzia\u0142u w nast\u0119pnych zmaganiach ju\u017c za rok.<\/p>\n","protected":false},"excerpt":{"rendered":"<p>W dniu 10 czerwca swoje umiej\u0119tno\u015bci artystyczne zaprezentowa\u0142o a\u017c 60 uczni\u00f3w naszej szko\u0142y. M\u0142odzi &#8211; zdolni zaprezentowali si\u0119 w trzech kategoriach estetycznych: instrument, taniec, \u015bpiew. Przegl\u0105dowi towarzyszy\u0142a wystawa eko-instrument\u00f3w wykonanych przez naszych wychowank\u00f3w. Zapraszamy do udzia\u0142u w nast\u0119pnych zmaganiach ju\u017c za rok.<\/p>\n","protected":false},"author":1,"featured_media":0,"comment_status":"closed","ping_status":"closed","sticky":false,"template":"","format":"standard","meta":{"jetpack_post_was_ever_published":false,"_jetpack_newsletter_access":"","_jetpack_dont_email_post_to_subs":false,"_jetpack_newsletter_tier_id":0,"_jetpack_memberships_contains_paywalled_content":false,"_jetpack_memberships_contains_paid_content":false,"footnotes":""},"categories":[1],"tags":[],"class_list":["post-3440","post","type-post","status-publish","format-standard","hentry","category-bez-kategorii"],"jetpack_featured_media_url":"","jetpack_sharing_enabled":true,"_links":{"self":[{"href":"https:\/\/www.sp21sacz.edu.pl\/index.php\/wp-json\/wp\/v2\/posts\/3440","targetHints":{"allow":["GET"]}}],"collection":[{"href":"https:\/\/www.sp21sacz.edu.pl\/index.php\/wp-json\/wp\/v2\/posts"}],"about":[{"href":"https:\/\/www.sp21sacz.edu.pl\/index.php\/wp-json\/wp\/v2\/types\/post"}],"author":[{"embeddable":true,"href":"https:\/\/www.sp21sacz.edu.pl\/index.php\/wp-json\/wp\/v2\/users\/1"}],"replies":[{"embeddable":true,"href":"https:\/\/www.sp21sacz.edu.pl\/index.php\/wp-json\/wp\/v2\/comments?post=3440"}],"version-history":[{"count":2,"href":"https:\/\/www.sp21sacz.edu.pl\/index.php\/wp-json\/wp\/v2\/posts\/3440\/revisions"}],"predecessor-version":[{"id":3451,"href":"https:\/\/www.sp21sacz.edu.pl\/index.php\/wp-json\/wp\/v2\/posts\/3440\/revisions\/3451"}],"wp:attachment":[{"href":"https:\/\/www.sp21sacz.edu.pl\/index.php\/wp-json\/wp\/v2\/media?parent=3440"}],"wp:term":[{"taxonomy":"category","embeddable":true,"href":"https:\/\/www.sp21sacz.edu.pl\/index.php\/wp-json\/wp\/v2\/categories?post=3440"},{"taxonomy":"post_tag","embeddable":true,"href":"https:\/\/www.sp21sacz.edu.pl\/index.php\/wp-json\/wp\/v2\/tags?post=3440"}],"curies":[{"name":"wp","href":"https:\/\/api.w.org\/{rel}","templated":true}]}}