{"id":32075,"date":"2025-11-27T09:45:21","date_gmt":"2025-11-27T08:45:21","guid":{"rendered":"https:\/\/www.sp21sacz.edu.pl\/?p=32075"},"modified":"2025-11-27T09:49:33","modified_gmt":"2025-11-27T08:49:33","slug":"trojki-koszykarskie-7-8-klas-1-miejsce-dziewczat-i-1-miejsce-chlopcow","status":"publish","type":"post","link":"https:\/\/www.sp21sacz.edu.pl\/index.php\/2025\/11\/27\/trojki-koszykarskie-7-8-klas-1-miejsce-dziewczat-i-1-miejsce-chlopcow\/","title":{"rendered":"\u201eTr\u00f3jki\u201d koszykarskie 7-8 klas: 1 miejsce dziewcz\u0105t i 1 miejsce ch\u0142opc\u00f3w!"},"content":{"rendered":"\n<p><\/p>\n\n\n\n<p>Dnia 14.11.2025r. w hali sportowej MOSiR odby\u0142 si\u0119 turniej w trzyosobowej koszyk\u00f3wce dziewcz\u0105t klas 7-8 z udzia\u0142em 5 dru\u017cyn. Zawody rozgrywano systemem \u201eka\u017cdy z ka\u017cdym\u201d. Nasze zawodniczki spisa\u0142y si\u0119 fenomenalnie. Odnotowa\u0142y 4 pewne, wysokie zwyci\u0119stwa, zaj\u0119\u0142y <strong><u>1 MIEJSCE<\/u><\/strong> w klasyfikacji ko\u0144cowej, zdoby\u0142y z\u0142ote medale i zosta\u0142y mistrzyniami Nowego S\u0105cza w kategorii IMS. Tym samym awansowa\u0142y do kolejnego etapu rozgrywek &#8211; zawod\u00f3w rejonowych. Dziewcz\u0119ta z SP21 uzyska\u0142y nast\u0119puj\u0105ce wyniki: <strong><u>(17-2)<\/u><\/strong><u> z SP20<\/u>, <strong><u>(17-0)<\/u><\/strong><u> z SP3<\/u>, <strong><u>(11-5)<\/u><\/strong><u> z SP15<\/u>, oraz <strong><u>(13-7)<\/u><\/strong><u> z SP9<\/u>. Najskuteczniejsz\u0105 nasz\u0105 koszykark\u0105 by\u0142a <strong>Milena Laszewicz<\/strong>, kt\u00f3ra zosta\u0142a r\u00f3wnie\u017c \u201e<u>kr\u00f3lem strzelc\u00f3w<\/u>\u201d ca\u0142ego turnieju z dorobkiem 34 punkt\u00f3w!. W ramach ciekawostki statystycznej nale\u017cy doda\u0107, \u017ce ilo\u015b\u0107 punkt\u00f3w zdobytych przez sam\u0105 Milen\u0119 by\u0142a wi\u0119ksza ni\u017c suma punkt\u00f3w zdobytych przez ka\u017cd\u0105 z poszczeg\u00f3lnych dru\u017cyn w turnieju!!! Do kosza trafia\u0142y r\u00f3wnie\u017c pozosta\u0142e zawodniczki: Karolina Kocemba (14 punkt\u00f3w), Alicja Witowska (5 punkt\u00f3w) oraz Karolina Popiela (5 punkt\u00f3w) i Emilia Paku\u0142a (1 punkt). Trzeba zaznaczy\u0107 \u017ce ca\u0142y sk\u0142ad SP21 to zawodniczki UKS \u017bak Nowy S\u0105cz, trenuj\u0105ce i wyst\u0119puj\u0105ce regularnie w lidze pod kierunkiem trener\u00f3w Dawida Kopca i Leszka Obrzuta. Opiekunem dru\u017cyny by\u0142a Urszula Gawlikowska.\u00a0\u00a0<\/p>\n<p>\u00a0\u00a0 Kilka dni wcze\u015bniej 04.11.2025r. w hali sportowej IV LO Sportowego odby\u0142 si\u0119 turniej koszyk\u00f3wki 3&#215;3 ch\u0142opc\u00f3w klas 7-8 z udzia\u0142em 7 dru\u017cyn. Grano r\u00f3wnie\u017c systemem \u201eka\u017cdy z ka\u017cdym\u201d. Nasi ch\u0142opcy odnie\u015bli 6 zwyci\u0119stw w 6 meczach i zaj\u0119li <strong><u>1 MIEJSCE<\/u><\/strong>, Dzi\u0119ki temu zostali mistrzami Nowego S\u0105cza w swoim roczniku wiekowym i r\u00f3wnie\u017c awansowali do zawod\u00f3w rejonowych w Gorlicach. Zawodnicy z SP21 uzyskali nast\u0119puj\u0105ce wyniki: <strong><u>(7-3)<\/u><\/strong><u> z SP9<\/u>, <strong><u>(7-3)<\/u><\/strong><u> z SP3<\/u>, <strong><u>(15-5)<\/u><\/strong><u> z SP15<\/u>, <strong><u>(11-2)<\/u><\/strong><u> z SP7<\/u>, <strong><u>(13-3)<\/u><\/strong><u> z SP20<\/u> i <strong><u>(10-5)<\/u><\/strong><u> z SP2<\/u>. Najskuteczniejszym koszykarzem by\u0142 <strong>Adam Bodziony<\/strong>, kt\u00f3ry zosta\u0142 \u201e<u>kr\u00f3lem strzelc\u00f3w<\/u>\u201d \u00a0turnieju (32 punkty!!!). Do kosza trafiali r\u00f3wnie\u017c wszyscy pozostali zawodnicy: Jakub Basta\u00a0 (26 pkt), Mateusz Janisz (3 pkt) i Eryk Gawlikowski (2 pkt). Gdyby przyznawano nagrod\u0119 MVP (dla najbardziej warto\u015bciowego zawodnika) to z pewno\u015bci\u0105 zdoby\u0142 by j\u0105 kapitan SP21 Adam Bodziony, kt\u00f3ry fantastycznie kierowa\u0142 gr\u0105 dru\u017cyny i by\u0142 nie do zatrzymania dla rywali. Adam zdobywa\u0142 punkty z gry za 1 i za 2, z rzut\u00f3w osobistych, mia\u0142 zbi\u00f3rki, przechwyty, asysty. \u015awietnie wsp\u00f3\u0142pracowa\u0142 z kolegami z zespo\u0142u. W sytuacjach podkoszowych praktycznie bezb\u0142\u0119dny by\u0142 Kuba Basta, a rewelacyjnie w obronie spisywali si\u0119 Eryk i Mateusz. Dlatego te\u017c ch\u0142opcy zas\u0142u\u017cyli na s\u0142owa uznania za osi\u0105gni\u0119ty wynik i styl w jakim to zrobili, chocia\u017c nie trenuj\u0105 profesjonalnie koszyk\u00f3wki (poza Adamem). Zostali tak\u017ce najskuteczniejsz\u0105 ekip\u0105 turnieju, a jednocze\u015bnie okazali si\u0119 najlepsi w grze obronnej trac\u0105c zaledwie 21 punkt\u00f3w w 6 meczach. Opiekunem dru\u017cyny by\u0142a Urszula Gawlikowska. \u00a0<\/p>\n\n\n\n\n\n<figure class=\"wp-block-gallery has-nested-images columns-default is-cropped wp-block-gallery-1 is-layout-flex wp-block-gallery-is-layout-flex\">\n<figure class=\"wp-block-image size-large\"><img data-recalc-dims=\"1\" loading=\"lazy\" decoding=\"async\" width=\"860\" height=\"645\" data-id=\"32077\" src=\"https:\/\/i0.wp.com\/www.sp21sacz.edu.pl\/wp-content\/uploads\/2025\/11\/20251104_124449-1024x768.jpg?resize=860%2C645&#038;ssl=1\" alt=\"\" class=\"wp-image-32077\" srcset=\"https:\/\/i0.wp.com\/www.sp21sacz.edu.pl\/wp-content\/uploads\/2025\/11\/20251104_124449.jpg?resize=1024%2C768&amp;ssl=1 1024w, https:\/\/i0.wp.com\/www.sp21sacz.edu.pl\/wp-content\/uploads\/2025\/11\/20251104_124449.jpg?resize=300%2C225&amp;ssl=1 300w, https:\/\/i0.wp.com\/www.sp21sacz.edu.pl\/wp-content\/uploads\/2025\/11\/20251104_124449.jpg?resize=150%2C113&amp;ssl=1 150w, https:\/\/i0.wp.com\/www.sp21sacz.edu.pl\/wp-content\/uploads\/2025\/11\/20251104_124449.jpg?resize=768%2C576&amp;ssl=1 768w, https:\/\/i0.wp.com\/www.sp21sacz.edu.pl\/wp-content\/uploads\/2025\/11\/20251104_124449.jpg?resize=1536%2C1152&amp;ssl=1 1536w, https:\/\/i0.wp.com\/www.sp21sacz.edu.pl\/wp-content\/uploads\/2025\/11\/20251104_124449.jpg?w=2048&amp;ssl=1 2048w, https:\/\/i0.wp.com\/www.sp21sacz.edu.pl\/wp-content\/uploads\/2025\/11\/20251104_124449.jpg?w=1720 1720w\" sizes=\"auto, (max-width: 860px) 100vw, 860px\" \/><\/figure>\n\n\n\n<figure class=\"wp-block-image size-large\"><img data-recalc-dims=\"1\" loading=\"lazy\" decoding=\"async\" width=\"860\" height=\"645\" data-id=\"32076\" src=\"https:\/\/i0.wp.com\/www.sp21sacz.edu.pl\/wp-content\/uploads\/2025\/11\/20251114_115644-1024x768.jpg?resize=860%2C645&#038;ssl=1\" alt=\"\" class=\"wp-image-32076\" srcset=\"https:\/\/i0.wp.com\/www.sp21sacz.edu.pl\/wp-content\/uploads\/2025\/11\/20251114_115644.jpg?resize=1024%2C768&amp;ssl=1 1024w, https:\/\/i0.wp.com\/www.sp21sacz.edu.pl\/wp-content\/uploads\/2025\/11\/20251114_115644.jpg?resize=300%2C225&amp;ssl=1 300w, https:\/\/i0.wp.com\/www.sp21sacz.edu.pl\/wp-content\/uploads\/2025\/11\/20251114_115644.jpg?resize=150%2C113&amp;ssl=1 150w, https:\/\/i0.wp.com\/www.sp21sacz.edu.pl\/wp-content\/uploads\/2025\/11\/20251114_115644.jpg?resize=768%2C576&amp;ssl=1 768w, https:\/\/i0.wp.com\/www.sp21sacz.edu.pl\/wp-content\/uploads\/2025\/11\/20251114_115644.jpg?resize=1536%2C1152&amp;ssl=1 1536w, https:\/\/i0.wp.com\/www.sp21sacz.edu.pl\/wp-content\/uploads\/2025\/11\/20251114_115644.jpg?w=2048&amp;ssl=1 2048w, https:\/\/i0.wp.com\/www.sp21sacz.edu.pl\/wp-content\/uploads\/2025\/11\/20251114_115644.jpg?w=1720 1720w\" sizes=\"auto, (max-width: 860px) 100vw, 860px\" \/><\/figure>\n<\/figure>\n","protected":false},"excerpt":{"rendered":"<p>Dnia 14.11.2025r. w hali sportowej MOSiR odby\u0142 si\u0119 turniej w trzyosobowej koszyk\u00f3wce dziewcz\u0105t klas 7-8 z udzia\u0142em 5 dru\u017cyn. Zawody rozgrywano systemem \u201eka\u017cdy z ka\u017cdym\u201d. Nasze zawodniczki spisa\u0142y si\u0119 fenomenalnie. Odnotowa\u0142y 4 pewne, wysokie zwyci\u0119stwa, zaj\u0119\u0142y 1 MIEJSCE w klasyfikacji ko\u0144cowej, zdoby\u0142y z\u0142ote medale i zosta\u0142y mistrzyniami Nowego S\u0105cza w kategorii IMS. Tym samym awansowa\u0142y do kolejnego etapu rozgrywek &#8211;<\/p>\n","protected":false},"author":1,"featured_media":32076,"comment_status":"closed","ping_status":"closed","sticky":false,"template":"","format":"standard","meta":{"jetpack_post_was_ever_published":false,"_jetpack_newsletter_access":"","_jetpack_dont_email_post_to_subs":false,"_jetpack_newsletter_tier_id":0,"_jetpack_memberships_contains_paywalled_content":false,"_jetpack_memberships_contains_paid_content":false,"footnotes":""},"categories":[1,14],"tags":[],"class_list":["post-32075","post","type-post","status-publish","format-standard","has-post-thumbnail","hentry","category-bez-kategorii","category-sukcesy-sportowe"],"jetpack_featured_media_url":"https:\/\/i0.wp.com\/www.sp21sacz.edu.pl\/wp-content\/uploads\/2025\/11\/20251114_115644.jpg?fit=2048%2C1536&ssl=1","jetpack_sharing_enabled":true,"_links":{"self":[{"href":"https:\/\/www.sp21sacz.edu.pl\/index.php\/wp-json\/wp\/v2\/posts\/32075","targetHints":{"allow":["GET"]}}],"collection":[{"href":"https:\/\/www.sp21sacz.edu.pl\/index.php\/wp-json\/wp\/v2\/posts"}],"about":[{"href":"https:\/\/www.sp21sacz.edu.pl\/index.php\/wp-json\/wp\/v2\/types\/post"}],"author":[{"embeddable":true,"href":"https:\/\/www.sp21sacz.edu.pl\/index.php\/wp-json\/wp\/v2\/users\/1"}],"replies":[{"embeddable":true,"href":"https:\/\/www.sp21sacz.edu.pl\/index.php\/wp-json\/wp\/v2\/comments?post=32075"}],"version-history":[{"count":1,"href":"https:\/\/www.sp21sacz.edu.pl\/index.php\/wp-json\/wp\/v2\/posts\/32075\/revisions"}],"predecessor-version":[{"id":32078,"href":"https:\/\/www.sp21sacz.edu.pl\/index.php\/wp-json\/wp\/v2\/posts\/32075\/revisions\/32078"}],"wp:featuredmedia":[{"embeddable":true,"href":"https:\/\/www.sp21sacz.edu.pl\/index.php\/wp-json\/wp\/v2\/media\/32076"}],"wp:attachment":[{"href":"https:\/\/www.sp21sacz.edu.pl\/index.php\/wp-json\/wp\/v2\/media?parent=32075"}],"wp:term":[{"taxonomy":"category","embeddable":true,"href":"https:\/\/www.sp21sacz.edu.pl\/index.php\/wp-json\/wp\/v2\/categories?post=32075"},{"taxonomy":"post_tag","embeddable":true,"href":"https:\/\/www.sp21sacz.edu.pl\/index.php\/wp-json\/wp\/v2\/tags?post=32075"}],"curies":[{"name":"wp","href":"https:\/\/api.w.org\/{rel}","templated":true}]}}