{"id":3203,"date":"2019-04-29T14:20:48","date_gmt":"2019-04-29T12:20:48","guid":{"rendered":"http:\/\/www.sp21sacz.edu.pl\/?p=3203"},"modified":"2019-05-14T08:15:17","modified_gmt":"2019-05-14T06:15:17","slug":"3203","status":"publish","type":"post","link":"https:\/\/www.sp21sacz.edu.pl\/index.php\/2019\/04\/29\/3203\/","title":{"rendered":"Laureaci i Uczniowie Wyr\u00f3\u017cnieni w Og\u00f3lnopolskim Konkursie Historycznym &#8220;Przywr\u00f3ci\u0107 g\u0142os Niez\u0142omnym, Nieobecnym na lekcjach historii&#8221;"},"content":{"rendered":"<p style=\"text-align: right;\"><strong>Dyrektorzy, Nauczyciele,<\/strong><\/p>\n<p style=\"text-align: right;\"><strong>Uczniowie<\/strong><\/p>\n<p style=\"text-align: right;\"><strong>szk\u00f3\u0142 podstawowych, dotychczasowych gimnazj\u00f3w<\/strong><\/p>\n<p style=\"text-align: right;\"><strong>oraz \u015brodowisk polonijnych<\/strong><\/p>\n<p style=\"text-align: right;\"><strong>\u00a0<\/strong><\/p>\n<p style=\"text-align: justify;\"><em>Szanowni Pa\u0144stwo,<\/em><\/p>\n<p style=\"text-align: justify;\"><em>Drodzy Uczniowie<\/em><\/p>\n<p style=\"text-align: justify;\"><em>\u00a0\u00a0\u00a0\u00a0\u00a0\u00a0\u00a0\u00a0\u00a0 <\/em>\u00a0Informujemy, \u017ce uroczyste zako\u0144czenie Og\u00f3lnopolskiego Konkursu Historycznego <em>Przywr\u00f3ci\u0107 g\u0142os Niez\u0142omnym, Nieobecnym na lekcjach historii <\/em>odb\u0119dzie si\u0119 <strong>10 maja \u00a0\u00a0\u00a0\u00a0\u00a0\u00a0\u00a0\u00a02019 r. (pi\u0105tek) o\u00a0godz.\u00a012.00 w Szkole Podstawowej nr 21 z Oddzia\u0142ami Integracyjnymi im. \u015awi\u0119tego Jana Paw\u0142a II w Nowym S\u0105czu.<\/strong><\/p>\n<p style=\"text-align: justify;\"><strong>\u00a0\u00a0\u00a0\u00a0\u00a0\u00a0\u00a0\u00a0\u00a0 <\/strong>\u00a0Uroczysto\u015b\u0107 zostanie poprzedzona wy\u0142onieniem zwyci\u0119zcy I miejsca w\u015br\u00f3d laureat\u00f3w- uczni\u00f3w kl. 7-8 szk\u00f3\u0142 podstawowych oraz kl.3 dotychczasowych gimnazj\u00f3w &#8211; kategoria praca multimedialna. <strong>Laureaci \u2013 uczniowie kl. 7-8 szk\u00f3\u0142 podstawowych oraz\u00a0 kl. 3 dotychczasowych gimnazj\u00f3w, proszeni s\u0105 o przybycie na godzin\u0119 8.30.<\/strong> Przypominamy,\u00a0 \u00a0\u017ce uczniowie b\u0119d\u0105 ustnie prezentowa\u0107 swoj\u0105 prac\u0119, a wypowied\u017a ich oceni Komisja Og\u00f3lnopolska wg kryteri\u00f3w zamieszczonych w Regulaminie konkursu. W imieniu organizatora i wsp\u00f3\u0142organizator\u00f3w 21. Brygady Strzelc\u00f3w Podhala\u0144skich\u00a0\u00a0 im. gen. Mieczys\u0142awa Boruty &#8211; Spiechowicza \u00a0w Rzeszowie, 1.Regionalnego O\u015brodka Dowodzenia i Naprowadzania w\u00a0 Krakowie \u2013 Balicach im. gen. bryg. pil. Stanis\u0142awa Skalskiego, Aeroklubu Nowy Targ, Aeroklubu Podhala\u0144skiego <strong>serdecznie zapraszamy na uroczysto\u015b\u0107 wszystkich laureat\u00f3w i uczni\u00f3w wyr\u00f3\u017cnionych.<\/strong><\/p>\n<p><!--more--><\/p>\n<p style=\"text-align: justify;\"><strong>\u00a0\u00a0\u00a0\u00a0\u00a0\u00a0\u00a0\u00a0\u00a0\u00a0 \u00a0Jednocze\u015bnie informujemy, \u017ce organizator zapewnia bezp\u0142atny nocleg\u00a0<\/strong> laureatom i uczniom wyr\u00f3\u017cnionym oraz ich opiekunom naukowym<strong> z 9\/10 maja 2019 r. <\/strong>Zainteresowanych prosimy o kontakt: Ma\u0142gorzata Zelek tel.: 694 473 913,\u00a0\u00a0 Anna Michalik tel.: 695 206 405<\/p>\n<p style=\"text-align: justify;\"><strong><em> <a href=\"http:\/\/www.sp21sacz.edu.pl\/wp-content\/uploads\/2019\/04\/Laureaci-2018-2019.pdf\">Laureaci i uczniowie wyr\u00f3\u017cnieni 2018-2019 &#8211; WYNIKI<\/a><\/em><\/strong><\/p>\n<p style=\"text-align: justify;\"><em>Z wyrazami szacunku<\/em><\/p>\n<p style=\"text-align: right;\"><strong><em>\u00a0\u00a0\u00a0\u00a0\u00a0\u00a0\u00a0\u00a0\u00a0\u00a0\u00a0\u00a0 El\u017cbieta Go\u0142\u0105b\u00a0 <\/em><\/strong><\/p>\n<p style=\"text-align: right;\"><em>Przewodnicz\u0105ca Og\u00f3lnopolskiej Komisji Konkursowej \u2013 <\/em><\/p>\n<p style=\"text-align: right;\"><em>\u00a0\u00a0\u00a0\u00a0\u00a0\u00a0\u00a0\u00a0\u00a0\u00a0\u00a0\u00a0\u00a0\u00a0\u00a0\u00a0\u00a0\u00a0\u00a0\u00a0\u00a0\u00a0\u00a0\u00a0\u00a0\u00a0\u00a0\u00a0\u00a0\u00a0\u00a0\u00a0\u00a0\u00a0\u00a0\u00a0\u00a0\u00a0\u00a0\u00a0\u00a0\u00a0\u00a0\u00a0\u00a0\u00a0\u00a0 \u00a0prezentacja multimedialna &#8211;<\/em><\/p>\n<p style=\"text-align: right;\"><em> kategoria szko\u0142y podstawowe,<\/em><\/p>\n<p style=\"text-align: right;\"><em>\u00a0\u00a0\u00a0\u00a0\u00a0\u00a0\u00a0\u00a0\u00a0\u00a0\u00a0\u00a0\u00a0\u00a0\u00a0\u00a0\u00a0\u00a0\u00a0\u00a0\u00a0 dotychczasowe gimnazja oraz \u015brodowiska polonijne <\/em><\/p>\n<p style=\"text-align: right;\"><strong><em>\u00a0\u00a0\u00a0\u00a0\u00a0 \u00a0\u00a0\u00a0\u00a0Maria Mirek- Legutko \u00a0<\/em><\/strong><\/p>\n<p style=\"text-align: right;\"><em>\u00a0Wiceprzewodnicz\u0105ca\u00a0 Og\u00f3lnopolskiej Komisji Konkursowej &#8211;<\/em><\/p>\n<p style=\"text-align: right;\"><em>\u00a0\u00a0\u00a0\u00a0\u00a0\u00a0 \u00a0prezentacja multimedialna- kategoria szko\u0142y podstawowe oraz \u015brodowiska polonijne<\/em><\/p>\n<p style=\"text-align: right;\"><strong><em>\u00a0\u00a0 Danuta M\u0119\u017cyk \u2013 St\u0119pie\u0144<\/em><\/strong><\/p>\n<p style=\"text-align: right;\"><em>Wiceprzewodnicz\u0105ca Og\u00f3lnopolskiej Komisji Konkursowej-<\/em><\/p>\n<p style=\"text-align: right;\"><em>\u00a0\u00a0\u00a0\u00a0\u00a0\u00a0\u00a0\u00a0\u00a0\u00a0\u00a0\u00a0\u00a0\u00a0\u00a0 \u00a0praca modelarska \u2013 kategoria szko\u0142y podstawowe, dotychczasowe gimnazja oraz \u015brodowiska polonijne<\/em><\/p>\n<p style=\"text-align: right;\"><em>\u00a0\u00a0\u00a0\u00a0\u00a0\u00a0\u00a0\u00a0\u00a0\u00a0 <strong>Anna Kmiecik \u00a0<\/strong><\/em><\/p>\n<p style=\"text-align: right;\"><em>Wiceprzewodnicz\u0105ca Og\u00f3lnopolskiej Komisji Konkursowej- praca<\/em><\/p>\n<p style=\"text-align: right;\"><em>\u00a0\u00a0\u00a0\u00a0\u00a0\u00a0\u00a0\u00a0\u00a0\u00a0\u00a0\u00a0\u00a0\u00a0\u00a0\u00a0\u00a0\u00a0\u00a0\u00a0\u00a0\u00a0\u00a0\u00a0\u00a0\u00a0\u00a0\u00a0\u00a0\u00a0\u00a0\u00a0\u00a0\u00a0 \u00a0\u00a0plastyczna &#8211; kategoria szko\u0142y podstawowe <\/em><\/p>\n<p style=\"text-align: right;\"><em>oraz \u015brodowiska polonijne<\/em><\/p>\n","protected":false},"excerpt":{"rendered":"<p>Dyrektorzy, Nauczyciele, Uczniowie szk\u00f3\u0142 podstawowych, dotychczasowych gimnazj\u00f3w oraz \u015brodowisk polonijnych \u00a0 Szanowni Pa\u0144stwo, Drodzy Uczniowie \u00a0\u00a0\u00a0\u00a0\u00a0\u00a0\u00a0\u00a0\u00a0 \u00a0Informujemy, \u017ce uroczyste zako\u0144czenie Og\u00f3lnopolskiego Konkursu Historycznego Przywr\u00f3ci\u0107 g\u0142os Niez\u0142omnym, Nieobecnym na lekcjach historii odb\u0119dzie si\u0119 10 maja \u00a0\u00a0\u00a0\u00a0\u00a0\u00a0\u00a0\u00a02019 r. (pi\u0105tek) o\u00a0godz.\u00a012.00 w Szkole Podstawowej nr 21 z Oddzia\u0142ami Integracyjnymi im. \u015awi\u0119tego Jana Paw\u0142a II w Nowym S\u0105czu. \u00a0\u00a0\u00a0\u00a0\u00a0\u00a0\u00a0\u00a0\u00a0 \u00a0Uroczysto\u015b\u0107 zostanie poprzedzona wy\u0142onieniem zwyci\u0119zcy<\/p>\n","protected":false},"author":1,"featured_media":3204,"comment_status":"closed","ping_status":"closed","sticky":false,"template":"","format":"standard","meta":{"jetpack_post_was_ever_published":false,"_jetpack_newsletter_access":"","_jetpack_dont_email_post_to_subs":false,"_jetpack_newsletter_tier_id":0,"_jetpack_memberships_contains_paywalled_content":false,"_jetpack_memberships_contains_paid_content":false,"footnotes":""},"categories":[1],"tags":[],"class_list":["post-3203","post","type-post","status-publish","format-standard","has-post-thumbnail","hentry","category-bez-kategorii"],"jetpack_featured_media_url":"https:\/\/i0.wp.com\/www.sp21sacz.edu.pl\/wp-content\/uploads\/2019\/04\/Bez-tytu%C5%82u-300x293.png?fit=300%2C293&ssl=1","jetpack_sharing_enabled":true,"_links":{"self":[{"href":"https:\/\/www.sp21sacz.edu.pl\/index.php\/wp-json\/wp\/v2\/posts\/3203","targetHints":{"allow":["GET"]}}],"collection":[{"href":"https:\/\/www.sp21sacz.edu.pl\/index.php\/wp-json\/wp\/v2\/posts"}],"about":[{"href":"https:\/\/www.sp21sacz.edu.pl\/index.php\/wp-json\/wp\/v2\/types\/post"}],"author":[{"embeddable":true,"href":"https:\/\/www.sp21sacz.edu.pl\/index.php\/wp-json\/wp\/v2\/users\/1"}],"replies":[{"embeddable":true,"href":"https:\/\/www.sp21sacz.edu.pl\/index.php\/wp-json\/wp\/v2\/comments?post=3203"}],"version-history":[{"count":4,"href":"https:\/\/www.sp21sacz.edu.pl\/index.php\/wp-json\/wp\/v2\/posts\/3203\/revisions"}],"predecessor-version":[{"id":3210,"href":"https:\/\/www.sp21sacz.edu.pl\/index.php\/wp-json\/wp\/v2\/posts\/3203\/revisions\/3210"}],"wp:featuredmedia":[{"embeddable":true,"href":"https:\/\/www.sp21sacz.edu.pl\/index.php\/wp-json\/wp\/v2\/media\/3204"}],"wp:attachment":[{"href":"https:\/\/www.sp21sacz.edu.pl\/index.php\/wp-json\/wp\/v2\/media?parent=3203"}],"wp:term":[{"taxonomy":"category","embeddable":true,"href":"https:\/\/www.sp21sacz.edu.pl\/index.php\/wp-json\/wp\/v2\/categories?post=3203"},{"taxonomy":"post_tag","embeddable":true,"href":"https:\/\/www.sp21sacz.edu.pl\/index.php\/wp-json\/wp\/v2\/tags?post=3203"}],"curies":[{"name":"wp","href":"https:\/\/api.w.org\/{rel}","templated":true}]}}