{"id":29958,"date":"2025-03-31T10:23:56","date_gmt":"2025-03-31T08:23:56","guid":{"rendered":"http:\/\/www.sp21sacz.edu.pl\/?p=29958"},"modified":"2025-03-31T10:23:56","modified_gmt":"2025-03-31T08:23:56","slug":"i-miedzyszkolny-konkurs-trojboj-matematyczny","status":"publish","type":"post","link":"https:\/\/www.sp21sacz.edu.pl\/index.php\/2025\/03\/31\/i-miedzyszkolny-konkurs-trojboj-matematyczny\/","title":{"rendered":"I Mi\u0119dzyszkolny Konkurs \u201eTR\u00d3JB\u00d3J MATEMATYCZNY\u201d"},"content":{"rendered":"\n<p><\/p>\n\n\n\n<p>W dniu 19 marca 2025 r. w Zespole Szk\u00f3\u0142 nr 1 im. Komisji Edukacji Narodowej w Nowym S\u0105czu odby\u0142 si\u0119 I Mi\u0119dzyszkolny Konkurs \u201eTr\u00f3jb\u00f3j Matematyczny\u201d. Konkurs adresowany by\u0142 dla uczni\u00f3w klas \u00f3smych.<\/p>\n<p>Nasz\u0105 szko\u0142\u0119 reprezentowali: Agata Micho\u0144 z klasy 8A, Oliwier Nowak z klasy 8B, Dawid Janik z klasy 8C uzyskuj\u0105c <strong>drugi wynik.<\/strong><\/p>\n<p>Serdecznie gratulujemy!<\/p>\n<p>\u00a0<\/p>\n\n\n\n<figure class=\"wp-block-gallery has-nested-images columns-default is-cropped wp-block-gallery-1 is-layout-flex wp-block-gallery-is-layout-flex\">\n<figure class=\"wp-block-image size-large\"><img data-recalc-dims=\"1\" loading=\"lazy\" decoding=\"async\" width=\"860\" height=\"387\" data-id=\"29959\" src=\"https:\/\/i0.wp.com\/www.sp21sacz.edu.pl\/wp-content\/uploads\/2025\/03\/20250319_130124.jpg?resize=860%2C387\" alt=\"\" class=\"wp-image-29959\" srcset=\"https:\/\/i0.wp.com\/www.sp21sacz.edu.pl\/wp-content\/uploads\/2025\/03\/20250319_130124.jpg?resize=1024%2C461&amp;ssl=1 1024w, https:\/\/i0.wp.com\/www.sp21sacz.edu.pl\/wp-content\/uploads\/2025\/03\/20250319_130124.jpg?resize=300%2C135&amp;ssl=1 300w, https:\/\/i0.wp.com\/www.sp21sacz.edu.pl\/wp-content\/uploads\/2025\/03\/20250319_130124.jpg?resize=150%2C68&amp;ssl=1 150w, https:\/\/i0.wp.com\/www.sp21sacz.edu.pl\/wp-content\/uploads\/2025\/03\/20250319_130124.jpg?resize=768%2C346&amp;ssl=1 768w, https:\/\/i0.wp.com\/www.sp21sacz.edu.pl\/wp-content\/uploads\/2025\/03\/20250319_130124.jpg?resize=1536%2C692&amp;ssl=1 1536w, https:\/\/i0.wp.com\/www.sp21sacz.edu.pl\/wp-content\/uploads\/2025\/03\/20250319_130124.jpg?w=2048&amp;ssl=1 2048w, https:\/\/i0.wp.com\/www.sp21sacz.edu.pl\/wp-content\/uploads\/2025\/03\/20250319_130124.jpg?w=1720 1720w\" sizes=\"auto, (max-width: 860px) 100vw, 860px\" \/><\/figure>\n\n\n\n<figure class=\"wp-block-image size-large\"><img data-recalc-dims=\"1\" loading=\"lazy\" decoding=\"async\" width=\"860\" height=\"387\" data-id=\"29960\" src=\"https:\/\/i0.wp.com\/www.sp21sacz.edu.pl\/wp-content\/uploads\/2025\/03\/20250319_130043.jpg?resize=860%2C387\" alt=\"\" class=\"wp-image-29960\" srcset=\"https:\/\/i0.wp.com\/www.sp21sacz.edu.pl\/wp-content\/uploads\/2025\/03\/20250319_130043.jpg?resize=1024%2C461&amp;ssl=1 1024w, https:\/\/i0.wp.com\/www.sp21sacz.edu.pl\/wp-content\/uploads\/2025\/03\/20250319_130043.jpg?resize=300%2C135&amp;ssl=1 300w, https:\/\/i0.wp.com\/www.sp21sacz.edu.pl\/wp-content\/uploads\/2025\/03\/20250319_130043.jpg?resize=150%2C68&amp;ssl=1 150w, https:\/\/i0.wp.com\/www.sp21sacz.edu.pl\/wp-content\/uploads\/2025\/03\/20250319_130043.jpg?resize=768%2C346&amp;ssl=1 768w, https:\/\/i0.wp.com\/www.sp21sacz.edu.pl\/wp-content\/uploads\/2025\/03\/20250319_130043.jpg?resize=1536%2C692&amp;ssl=1 1536w, https:\/\/i0.wp.com\/www.sp21sacz.edu.pl\/wp-content\/uploads\/2025\/03\/20250319_130043.jpg?w=2048&amp;ssl=1 2048w, https:\/\/i0.wp.com\/www.sp21sacz.edu.pl\/wp-content\/uploads\/2025\/03\/20250319_130043.jpg?w=1720 1720w\" sizes=\"auto, (max-width: 860px) 100vw, 860px\" \/><\/figure>\n<\/figure>\n","protected":false},"excerpt":{"rendered":"<p>W dniu 19 marca 2025 r. w Zespole Szk\u00f3\u0142 nr 1 im. Komisji Edukacji Narodowej w Nowym S\u0105czu odby\u0142 si\u0119 I Mi\u0119dzyszkolny Konkurs \u201eTr\u00f3jb\u00f3j Matematyczny\u201d. Konkurs adresowany by\u0142 dla uczni\u00f3w klas \u00f3smych. Nasz\u0105 szko\u0142\u0119 reprezentowali: Agata Micho\u0144 z klasy 8A, Oliwier Nowak z klasy 8B, Dawid Janik z klasy 8C uzyskuj\u0105c drugi wynik. Serdecznie gratulujemy! \u00a0<\/p>\n","protected":false},"author":1,"featured_media":29959,"comment_status":"closed","ping_status":"closed","sticky":false,"template":"","format":"standard","meta":{"jetpack_post_was_ever_published":false,"_jetpack_newsletter_access":"","_jetpack_dont_email_post_to_subs":false,"_jetpack_newsletter_tier_id":0,"_jetpack_memberships_contains_paywalled_content":false,"_jetpack_memberships_contains_paid_content":false,"footnotes":""},"categories":[1],"tags":[],"class_list":["post-29958","post","type-post","status-publish","format-standard","has-post-thumbnail","hentry","category-bez-kategorii"],"jetpack_featured_media_url":"https:\/\/i0.wp.com\/www.sp21sacz.edu.pl\/wp-content\/uploads\/2025\/03\/20250319_130124.jpg?fit=2048%2C922&ssl=1","jetpack_sharing_enabled":true,"_links":{"self":[{"href":"https:\/\/www.sp21sacz.edu.pl\/index.php\/wp-json\/wp\/v2\/posts\/29958","targetHints":{"allow":["GET"]}}],"collection":[{"href":"https:\/\/www.sp21sacz.edu.pl\/index.php\/wp-json\/wp\/v2\/posts"}],"about":[{"href":"https:\/\/www.sp21sacz.edu.pl\/index.php\/wp-json\/wp\/v2\/types\/post"}],"author":[{"embeddable":true,"href":"https:\/\/www.sp21sacz.edu.pl\/index.php\/wp-json\/wp\/v2\/users\/1"}],"replies":[{"embeddable":true,"href":"https:\/\/www.sp21sacz.edu.pl\/index.php\/wp-json\/wp\/v2\/comments?post=29958"}],"version-history":[{"count":1,"href":"https:\/\/www.sp21sacz.edu.pl\/index.php\/wp-json\/wp\/v2\/posts\/29958\/revisions"}],"predecessor-version":[{"id":29961,"href":"https:\/\/www.sp21sacz.edu.pl\/index.php\/wp-json\/wp\/v2\/posts\/29958\/revisions\/29961"}],"wp:featuredmedia":[{"embeddable":true,"href":"https:\/\/www.sp21sacz.edu.pl\/index.php\/wp-json\/wp\/v2\/media\/29959"}],"wp:attachment":[{"href":"https:\/\/www.sp21sacz.edu.pl\/index.php\/wp-json\/wp\/v2\/media?parent=29958"}],"wp:term":[{"taxonomy":"category","embeddable":true,"href":"https:\/\/www.sp21sacz.edu.pl\/index.php\/wp-json\/wp\/v2\/categories?post=29958"},{"taxonomy":"post_tag","embeddable":true,"href":"https:\/\/www.sp21sacz.edu.pl\/index.php\/wp-json\/wp\/v2\/tags?post=29958"}],"curies":[{"name":"wp","href":"https:\/\/api.w.org\/{rel}","templated":true}]}}