{"id":26633,"date":"2024-03-11T17:19:32","date_gmt":"2024-03-11T16:19:32","guid":{"rendered":"http:\/\/www.sp21sacz.edu.pl\/?p=26633"},"modified":"2024-03-11T17:19:32","modified_gmt":"2024-03-11T16:19:32","slug":"w-swiecie-dinozaurow-2","status":"publish","type":"post","link":"https:\/\/www.sp21sacz.edu.pl\/index.php\/2024\/03\/11\/w-swiecie-dinozaurow-2\/","title":{"rendered":"W \u015bwiecie dinozaur\u00f3w"},"content":{"rendered":"\n<p><span style=\"font-family: Cambria, serif;\">28 lutego obchodzili\u015bmy kolejne ciekawe \u015bwi\u0119to, Dzie\u0144 Dinozaura. Cho\u0107 dinozaury dawno <\/span><span style=\"font-family: Cambria, serif;\">ju\u017c wygin\u0119\u0142y, to nie przestaj\u0105 fascynowa\u0107 ludzi, a szczeg\u00f3lnie dzieci. Dzie\u0144 ten by\u0142 wspania\u0142\u0105 okazj\u0105, by wzbogaci\u0107 wiedz\u0119 dzieciak\u00f3w na temat tych prehistorycznych stworze\u0144. <\/span><\/p>\n<p><a name=\"_GoBack\"><\/a> <span style=\"font-family: Cambria, serif;\">\u015awietliczaki obejrza\u0142y filmy edukacyjne z serii ,,Ola i dinozaury\u2019\u2019, z kt\u00f3rych dowiedzia\u0142y si\u0119\u00a0 <\/span><span style=\"font-family: Cambria, serif;\">wielu ciekawostek z \u017cycia tych prehistorycznych stworze\u0144, a mianowicie jak wygl\u0105da\u0142y dinozaury, kiedy \u017cy\u0142y, czym si\u0119 od\u017cywia\u0142y oraz dlaczego i w jaki spos\u00f3b wygin\u0119\u0142y.\u00a0 <\/span><span style=\"font-family: Cambria, serif;\">Dzieci z wielkim zaciekawieniem ogl\u0105da\u0142y ilustracje i s\u0142ucha\u0142y r\u00f3\u017cnych informacji o tych <\/span><span style=\"font-family: Cambria, serif;\">interesuj\u0105cych stworzeniach. Potem przyszed\u0142 czas na zabawy z dinozaurami. By\u0142a zabawa ruchowa ,,Dinozaury\u2019\u2019 inspirowana muzyk\u0105, a dzieci rozwi\u0105zywa\u0142y te\u017c r\u00f3\u017cne zadania,\u00a0 <\/span><span style=\"font-family: Cambria, serif;\">kt\u00f3rych bohaterami by\u0142y dinozaury. Podsumowaniem zaj\u0119\u0107 by\u0142 quiz wiedzy o dinozaurach,\u00a0 <\/span><span style=\"font-family: Cambria, serif;\">w kt\u00f3rym dzieci wykaza\u0142y si\u0119 du\u017c\u0105 wiedz\u0105 o tych prehistorycznych gadach. <\/span><\/p>\n<p><span style=\"font-family: Cambria, serif;\">Na zako\u0144czenie zaj\u0119\u0107 \u015bwietliczaki wykona\u0142y w\u0142asne dinozaury, kt\u00f3re zosta\u0142y wyeksponowane\u00a0 <\/span><span style=\"font-family: Cambria, serif;\">na \u015bwietlicowej makiecie ,,\u015awiat dinozaur\u00f3w\u2019\u2019. To by\u0142y naprawd\u0119 ciekawe i inspiruj\u0105ce zaj\u0119cia. Zako\u0144czyli\u015bmy je projekcj\u0105 bajki ,,Przygoda z dinozaurami \u2019\u2019.<\/span><\/p>\n<p>\u00a0<\/p>\n\n\n\n<figure class=\"wp-block-gallery has-nested-images columns-default is-cropped wp-block-gallery-1 is-layout-flex wp-block-gallery-is-layout-flex\">\n<figure class=\"wp-block-image size-large\"><a href=\"https:\/\/i0.wp.com\/www.sp21sacz.edu.pl\/wp-content\/uploads\/2024\/03\/20.jpg\"><img data-recalc-dims=\"1\" loading=\"lazy\" decoding=\"async\" width=\"640\" height=\"480\" data-id=\"26635\" src=\"https:\/\/i0.wp.com\/www.sp21sacz.edu.pl\/wp-content\/uploads\/2024\/03\/20.jpg?resize=640%2C480\" alt=\"\" class=\"wp-image-26635\" srcset=\"https:\/\/i0.wp.com\/www.sp21sacz.edu.pl\/wp-content\/uploads\/2024\/03\/20.jpg?w=640&amp;ssl=1 640w, https:\/\/i0.wp.com\/www.sp21sacz.edu.pl\/wp-content\/uploads\/2024\/03\/20.jpg?resize=300%2C225&amp;ssl=1 300w, https:\/\/i0.wp.com\/www.sp21sacz.edu.pl\/wp-content\/uploads\/2024\/03\/20.jpg?resize=150%2C113&amp;ssl=1 150w\" sizes=\"auto, (max-width: 640px) 100vw, 640px\" \/><\/a><\/figure>\n\n\n\n<figure class=\"wp-block-image size-large\"><a href=\"https:\/\/i0.wp.com\/www.sp21sacz.edu.pl\/wp-content\/uploads\/2024\/03\/19.jpg\"><img data-recalc-dims=\"1\" loading=\"lazy\" decoding=\"async\" width=\"602\" height=\"480\" data-id=\"26634\" src=\"https:\/\/i0.wp.com\/www.sp21sacz.edu.pl\/wp-content\/uploads\/2024\/03\/19.jpg?resize=602%2C480\" alt=\"\" class=\"wp-image-26634\" srcset=\"https:\/\/i0.wp.com\/www.sp21sacz.edu.pl\/wp-content\/uploads\/2024\/03\/19.jpg?w=602&amp;ssl=1 602w, https:\/\/i0.wp.com\/www.sp21sacz.edu.pl\/wp-content\/uploads\/2024\/03\/19.jpg?resize=300%2C239&amp;ssl=1 300w, https:\/\/i0.wp.com\/www.sp21sacz.edu.pl\/wp-content\/uploads\/2024\/03\/19.jpg?resize=150%2C120&amp;ssl=1 150w\" sizes=\"auto, (max-width: 602px) 100vw, 602px\" \/><\/a><\/figure>\n\n\n\n<figure class=\"wp-block-image size-large\"><a href=\"https:\/\/i0.wp.com\/www.sp21sacz.edu.pl\/wp-content\/uploads\/2024\/03\/3.png\"><img data-recalc-dims=\"1\" loading=\"lazy\" decoding=\"async\" width=\"800\" height=\"600\" data-id=\"26636\" src=\"https:\/\/i0.wp.com\/www.sp21sacz.edu.pl\/wp-content\/uploads\/2024\/03\/3.png?resize=800%2C600\" alt=\"\" class=\"wp-image-26636\" srcset=\"https:\/\/i0.wp.com\/www.sp21sacz.edu.pl\/wp-content\/uploads\/2024\/03\/3.png?w=800&amp;ssl=1 800w, https:\/\/i0.wp.com\/www.sp21sacz.edu.pl\/wp-content\/uploads\/2024\/03\/3.png?resize=300%2C225&amp;ssl=1 300w, https:\/\/i0.wp.com\/www.sp21sacz.edu.pl\/wp-content\/uploads\/2024\/03\/3.png?resize=150%2C113&amp;ssl=1 150w, https:\/\/i0.wp.com\/www.sp21sacz.edu.pl\/wp-content\/uploads\/2024\/03\/3.png?resize=768%2C576&amp;ssl=1 768w\" sizes=\"auto, (max-width: 800px) 100vw, 800px\" \/><\/a><\/figure>\n<\/figure>\n","protected":false},"excerpt":{"rendered":"<p>28 lutego obchodzili\u015bmy kolejne ciekawe \u015bwi\u0119to, Dzie\u0144 Dinozaura. Cho\u0107 dinozaury dawno ju\u017c wygin\u0119\u0142y, to nie przestaj\u0105 fascynowa\u0107 ludzi, a szczeg\u00f3lnie dzieci. Dzie\u0144 ten by\u0142 wspania\u0142\u0105 okazj\u0105, by wzbogaci\u0107 wiedz\u0119 dzieciak\u00f3w na temat tych prehistorycznych stworze\u0144. \u015awietliczaki obejrza\u0142y filmy edukacyjne z serii ,,Ola i dinozaury\u2019\u2019, z kt\u00f3rych dowiedzia\u0142y si\u0119\u00a0 wielu ciekawostek z \u017cycia tych prehistorycznych stworze\u0144, a mianowicie jak wygl\u0105da\u0142y dinozaury,<\/p>\n","protected":false},"author":1,"featured_media":26634,"comment_status":"closed","ping_status":"closed","sticky":false,"template":"","format":"standard","meta":{"jetpack_post_was_ever_published":false,"_jetpack_newsletter_access":"","_jetpack_dont_email_post_to_subs":false,"_jetpack_newsletter_tier_id":0,"_jetpack_memberships_contains_paywalled_content":false,"_jetpack_memberships_contains_paid_content":false,"footnotes":""},"categories":[1],"tags":[],"class_list":["post-26633","post","type-post","status-publish","format-standard","has-post-thumbnail","hentry","category-bez-kategorii"],"jetpack_featured_media_url":"https:\/\/i0.wp.com\/www.sp21sacz.edu.pl\/wp-content\/uploads\/2024\/03\/19.jpg?fit=602%2C480&ssl=1","jetpack_sharing_enabled":true,"_links":{"self":[{"href":"https:\/\/www.sp21sacz.edu.pl\/index.php\/wp-json\/wp\/v2\/posts\/26633","targetHints":{"allow":["GET"]}}],"collection":[{"href":"https:\/\/www.sp21sacz.edu.pl\/index.php\/wp-json\/wp\/v2\/posts"}],"about":[{"href":"https:\/\/www.sp21sacz.edu.pl\/index.php\/wp-json\/wp\/v2\/types\/post"}],"author":[{"embeddable":true,"href":"https:\/\/www.sp21sacz.edu.pl\/index.php\/wp-json\/wp\/v2\/users\/1"}],"replies":[{"embeddable":true,"href":"https:\/\/www.sp21sacz.edu.pl\/index.php\/wp-json\/wp\/v2\/comments?post=26633"}],"version-history":[{"count":1,"href":"https:\/\/www.sp21sacz.edu.pl\/index.php\/wp-json\/wp\/v2\/posts\/26633\/revisions"}],"predecessor-version":[{"id":26637,"href":"https:\/\/www.sp21sacz.edu.pl\/index.php\/wp-json\/wp\/v2\/posts\/26633\/revisions\/26637"}],"wp:featuredmedia":[{"embeddable":true,"href":"https:\/\/www.sp21sacz.edu.pl\/index.php\/wp-json\/wp\/v2\/media\/26634"}],"wp:attachment":[{"href":"https:\/\/www.sp21sacz.edu.pl\/index.php\/wp-json\/wp\/v2\/media?parent=26633"}],"wp:term":[{"taxonomy":"category","embeddable":true,"href":"https:\/\/www.sp21sacz.edu.pl\/index.php\/wp-json\/wp\/v2\/categories?post=26633"},{"taxonomy":"post_tag","embeddable":true,"href":"https:\/\/www.sp21sacz.edu.pl\/index.php\/wp-json\/wp\/v2\/tags?post=26633"}],"curies":[{"name":"wp","href":"https:\/\/api.w.org\/{rel}","templated":true}]}}