{"id":25856,"date":"2023-11-10T08:52:52","date_gmt":"2023-11-10T07:52:52","guid":{"rendered":"http:\/\/www.sp21sacz.edu.pl\/?p=25856"},"modified":"2023-11-10T08:52:52","modified_gmt":"2023-11-10T07:52:52","slug":"4-starty-3-x-zloto-w-sztafetowych-biegach-przelajowych","status":"publish","type":"post","link":"https:\/\/www.sp21sacz.edu.pl\/index.php\/2023\/11\/10\/4-starty-3-x-zloto-w-sztafetowych-biegach-przelajowych\/","title":{"rendered":"4 STARTY \u2013 3 x Z\u0141OTO !!! w sztafetowych biegach prze\u0142ajowych"},"content":{"rendered":"\n<p><\/p>\n\n\n\n<p><\/p>\n\n\n\n<p>\u00a0 Pod koniec wrze\u015bnia na mi\u0119dzyszkolnym stadionie MOS-u przy ul. Lenartowicza w Nowym S\u0105czu odby\u0142y si\u0119 sztafetowe biegi prze\u0142ajowe dziewcz\u0105t i ch\u0142opc\u00f3w. 19 wrze\u015bnia startowa\u0142y 7-8 klasy (Igrzyska M\u0142odzie\u017cy Szkolnej), a 21 wrze\u015bnia 4-6 klasy (Igrzyska Dzieci). Starsza grupa naszych lekkoatlet\u00f3w spisa\u0142a si\u0119 fantastycznie. Ch\u0142opcy w sk\u0142adzie kt\u00f3rych startowa\u0142 m.in. Krzysztof\u00a0 Ociepka\u00a0 (indywidualny wicemistrz Polski w prze\u0142ajach) zaj\u0119li <strong><u>1 MIEJSCE<\/u><\/strong>, melduj\u0105c si\u0119 na mecie z du\u017c\u0105 przewag\u0105 nad pozosta\u0142ymi dru\u017cynami. Dziewcz\u0119ta natomiast od 3 zmiany, kiedy to Olimpia Klimek wyprowadzi\u0142a sztafet\u0119 na prowadzenie, nie pozwoli\u0142y si\u0119 dogoni\u0107 a\u017c do mety na kt\u00f3r\u0105 wbieg\u0142a jako pierwsza Zofia Kami\u0144ska, a wi\u0119c tak\u017ce wywalczy\u0142y <strong><u>1 MIEJSCE<\/u><\/strong>. Obydwie m\u0142odsze ekipy sztafetowe z 4-6 klas r\u00f3wnie\u017c pokaza\u0142y si\u0119 z bardzo dobrej strony. Ch\u0142opcy ju\u017c od startu biegli w czo\u0142\u00f3wce, ale dopiero po 4 zmianie pa\u0142eczk\u0119 sztafetow\u0105 jako pierwszy przekaza\u0142 Jakub Basta. Dwaj nasi kolejni zawodnicy utrzymywali bezpieczn\u0105 przewag\u0119 i ju\u017c nie pozwolili odebra\u0107 sobie zwyci\u0119stwa, dzi\u0119ki czemu dru\u017cyna zaj\u0119\u0142a <strong><u>1 MIEJSCE<\/u><\/strong>. Dziewcz\u0119ta mia\u0142y utrudnione zadanie poniewa\u017c nie mog\u0142y wyst\u0105pi\u0107 w najsilniejszym zestawieniu, a tym samym pokaza\u0107 faktycznej si\u0142y w sztafecie. Z r\u00f3\u017cnych wzgl\u0119d\u00f3w zabrak\u0142o a\u017c 3 os\u00f3b z podstawowego sk\u0142adu. Jednak te kt\u00f3re pobieg\u0142y da\u0142y z siebie 100%. Po starcie byli\u015bmy dopiero na 6 miejscu, ale po 2 zmianie ju\u017c w najlepszej \u201eczw\u00f3rce\u201d. Przez chwil\u0119 na kolejnej zmianie uda\u0142o si\u0119 awansowa\u0107 na 3 pozycj\u0119, kt\u00f3r\u0105 jednak szybko stracili\u015bmy. Dwie pierwsze sztafety SP18 i SP3 uzyska\u0142y ogromn\u0105 przewag\u0119, a nasze dziewcz\u0119ta pr\u00f3bowa\u0142y jeszcze walczy\u0107 o podium z SP6. Ta sztuka si\u0119 nam nie uda\u0142a i ostatecznie sko\u0144czy\u0142o si\u0119 na dobrym <strong><u>4 MIEJSCU<\/u><\/strong>, z kt\u00f3rego nale\u017cy si\u0119 cieszy\u0107 bior\u0105c pod uwag\u0119 ogromn\u0105 ambicj\u0119 naszych startuj\u0105cych zawodniczek. Tym samym 3 sztafety z 4 startuj\u0105cych zdoby\u0142y medale i to z\u0142ote! Dzi\u0119ki temu mistrzynie i mistrzowie Nowego S\u0105cza b\u0119d\u0105 reprezentowali nasze miasto na zawodach wojew\u00f3dzkich w Nowym Targu. Brawo!\u00a0\u00a0\u00a0 \u00a0\u00a0\u00a0\u00a0\u00a0<\/p>\n\n\n\n<p>\u00a0 Ch\u0142opcy z 4-6 klas pod opiek\u0105 Henryka Poto\u0144ca wyst\u0105pili w nast\u0119puj\u0105cym sk\u0142adzie: <\/p>\n\n\n\n<p>Kad\u0142ubowski Szymon, Brzeski Robert, Kami\u0144ski Nikodem, Basta Jakub, Kad\u0142ubowski Adam, Janisz Mateusz, Legutko Wojciech &#8211; (R). <\/p>\n\n\n\n<p>\u00a0\u00a0\u00a0\u00a0Ch\u0142opcy z 7-8 klas pod opiek\u0105 Macieja Jawora wyst\u0105pili w nast\u0119puj\u0105cym sk\u0142adzie: <\/p>\n\n\n\n<p>Brzeski Aleksander, Olchawa Maciej, Hebda Dorian, Nowak Oliwier, Janik Dawid, Ociepka Krzysztof, Pociecha Oliwier &#8211; (R). <strong><u><\/u><\/strong><\/p>\n\n\n\n<p><u>Dziewcz\u0119ta z 4-6 klas pod opiek\u0105 Piotra Za\u0142ubskiego<\/u> wyst\u0105pi\u0142y w nast\u0119puj\u0105cym sk\u0142adzie: <\/p>\n\n\n\n<p>Brzeska Alicja, K\u0119ska Zuzanna, Kret Aleksandra, \u0141omako Julia, Laszewicz Milena, Wo\u017aniak Kaja, Tkaczyk Helena &#8211; (R), Figu\u0142a Nikola &#8211; (R).<\/p>\n\n\n\n<p> Dziewcz\u0119ta z 7-8 klas pod opiek\u0105 Dariusza Peciaka<strong> <\/strong>wyst\u0105pi\u0142y w nast\u0119puj\u0105cym sk\u0142adzie: <\/p>\n\n\n\n<p>Basta Zuzanna, Jarz\u0105b Julia, Klimek Olimpia, Przychocka Nicola, Talar Roksana, Kami\u0144ska Zofia, Ku\u017ama Katarzyna &#8211; (R).&nbsp;&nbsp; <strong><u><\/u><\/strong><\/p>\n","protected":false},"excerpt":{"rendered":"<p>\u00a0 Pod koniec wrze\u015bnia na mi\u0119dzyszkolnym stadionie MOS-u przy ul. Lenartowicza w Nowym S\u0105czu odby\u0142y si\u0119 sztafetowe biegi prze\u0142ajowe dziewcz\u0105t i ch\u0142opc\u00f3w. 19 wrze\u015bnia startowa\u0142y 7-8 klasy (Igrzyska M\u0142odzie\u017cy Szkolnej), a 21 wrze\u015bnia 4-6 klasy (Igrzyska Dzieci). Starsza grupa naszych lekkoatlet\u00f3w spisa\u0142a si\u0119 fantastycznie. Ch\u0142opcy w sk\u0142adzie kt\u00f3rych startowa\u0142 m.in. Krzysztof\u00a0 Ociepka\u00a0 (indywidualny wicemistrz Polski w prze\u0142ajach) zaj\u0119li 1 MIEJSCE,<\/p>\n","protected":false},"author":1,"featured_media":25857,"comment_status":"closed","ping_status":"closed","sticky":false,"template":"","format":"standard","meta":{"jetpack_post_was_ever_published":false,"_jetpack_newsletter_access":"","_jetpack_dont_email_post_to_subs":false,"_jetpack_newsletter_tier_id":0,"_jetpack_memberships_contains_paywalled_content":false,"_jetpack_memberships_contains_paid_content":false,"footnotes":""},"categories":[1],"tags":[],"class_list":["post-25856","post","type-post","status-publish","format-standard","has-post-thumbnail","hentry","category-bez-kategorii"],"jetpack_featured_media_url":"https:\/\/i0.wp.com\/www.sp21sacz.edu.pl\/wp-content\/uploads\/2023\/11\/pexels-photo-618612.jpeg?fit=1880%2C1253&ssl=1","jetpack_sharing_enabled":true,"_links":{"self":[{"href":"https:\/\/www.sp21sacz.edu.pl\/index.php\/wp-json\/wp\/v2\/posts\/25856","targetHints":{"allow":["GET"]}}],"collection":[{"href":"https:\/\/www.sp21sacz.edu.pl\/index.php\/wp-json\/wp\/v2\/posts"}],"about":[{"href":"https:\/\/www.sp21sacz.edu.pl\/index.php\/wp-json\/wp\/v2\/types\/post"}],"author":[{"embeddable":true,"href":"https:\/\/www.sp21sacz.edu.pl\/index.php\/wp-json\/wp\/v2\/users\/1"}],"replies":[{"embeddable":true,"href":"https:\/\/www.sp21sacz.edu.pl\/index.php\/wp-json\/wp\/v2\/comments?post=25856"}],"version-history":[{"count":1,"href":"https:\/\/www.sp21sacz.edu.pl\/index.php\/wp-json\/wp\/v2\/posts\/25856\/revisions"}],"predecessor-version":[{"id":25858,"href":"https:\/\/www.sp21sacz.edu.pl\/index.php\/wp-json\/wp\/v2\/posts\/25856\/revisions\/25858"}],"wp:featuredmedia":[{"embeddable":true,"href":"https:\/\/www.sp21sacz.edu.pl\/index.php\/wp-json\/wp\/v2\/media\/25857"}],"wp:attachment":[{"href":"https:\/\/www.sp21sacz.edu.pl\/index.php\/wp-json\/wp\/v2\/media?parent=25856"}],"wp:term":[{"taxonomy":"category","embeddable":true,"href":"https:\/\/www.sp21sacz.edu.pl\/index.php\/wp-json\/wp\/v2\/categories?post=25856"},{"taxonomy":"post_tag","embeddable":true,"href":"https:\/\/www.sp21sacz.edu.pl\/index.php\/wp-json\/wp\/v2\/tags?post=25856"}],"curies":[{"name":"wp","href":"https:\/\/api.w.org\/{rel}","templated":true}]}}