{"id":25588,"date":"2023-10-23T13:22:46","date_gmt":"2023-10-23T11:22:46","guid":{"rendered":"http:\/\/www.sp21sacz.edu.pl\/?p=25588"},"modified":"2023-10-23T13:22:46","modified_gmt":"2023-10-23T11:22:46","slug":"pamietamy-o-zmarlych-kapitan-wojska-polskiego-florian-wawrykiewicz","status":"publish","type":"post","link":"https:\/\/www.sp21sacz.edu.pl\/index.php\/2023\/10\/23\/pamietamy-o-zmarlych-kapitan-wojska-polskiego-florian-wawrykiewicz\/","title":{"rendered":"Pami\u0119tamy o zmar\u0142ych &#8211; Kapitan Wojska Polskiego Florian Wawrykiewicz"},"content":{"rendered":"\n\n\n<div>W ubieg\u0142\u0105 \u015brod\u0119 tj. 18.10.2023 r. w\u00a0zwi\u0105zku ze zbli\u017caj\u0105cym si\u0119 Dniem Wszystkich \u015awi\u0119tych, uczniowie samorz\u0105du uczniowskiego\u00a0wraz z\u00a0opiekunem pani\u0105 Katarzyn\u0105 Nowakowsk\u0105 odwiedzili gr\u00f3b\u00a0o\u00a0kt\u00f3ry\u00a0nasza szko\u0142a dba od\u00a0wielu lat.<\/div>\n<div>W\u00a0ten pi\u0119kny jesienny dzie\u0144 m\u0142odzie\u017c wybra\u0142a si\u0119 na Cmentarz Komunalny i wykona\u0142a prace porz\u0105dkowe oraz\u00a0zadba\u0142a o\u00a0estetyczny wygl\u0105d\u00a0miejsca poch\u00f3wku \u015bp.\u00a0Kpt. WP Floriana Wawrykiewicza.<\/div>\n<p>Uczniowie zapalili znicze i\u00a0w\u00a0chwili zadumy oddali ho\u0142d zmar\u0142emu,\u00a0kt\u00f3ry zgin\u0105\u0142 w obronie\u00a0naszej\u00a0wolno\u015bci.<\/p>\n<p>\u00a0<\/p>\n<div class=\"yj6qo\">\u00a0<\/div>\n<div class=\"adL\">\u00a0<\/div>\n\n\n\n<figure class=\"wp-block-gallery has-nested-images columns-4 is-cropped wp-block-gallery-1 is-layout-flex wp-block-gallery-is-layout-flex\">\n<figure class=\"wp-block-image size-large\"><a href=\"https:\/\/i0.wp.com\/www.sp21sacz.edu.pl\/wp-content\/uploads\/2023\/10\/20231018_111321.jpg\"><img data-recalc-dims=\"1\" loading=\"lazy\" decoding=\"async\" width=\"473\" height=\"1024\" data-id=\"25591\" src=\"https:\/\/i0.wp.com\/www.sp21sacz.edu.pl\/wp-content\/uploads\/2023\/10\/20231018_111321.jpg?resize=473%2C1024\" alt=\"\" class=\"wp-image-25591\" srcset=\"https:\/\/i0.wp.com\/www.sp21sacz.edu.pl\/wp-content\/uploads\/2023\/10\/20231018_111321.jpg?resize=473%2C1024&amp;ssl=1 473w, https:\/\/i0.wp.com\/www.sp21sacz.edu.pl\/wp-content\/uploads\/2023\/10\/20231018_111321.jpg?resize=139%2C300&amp;ssl=1 139w, https:\/\/i0.wp.com\/www.sp21sacz.edu.pl\/wp-content\/uploads\/2023\/10\/20231018_111321.jpg?resize=69%2C150&amp;ssl=1 69w, https:\/\/i0.wp.com\/www.sp21sacz.edu.pl\/wp-content\/uploads\/2023\/10\/20231018_111321.jpg?resize=768%2C1663&amp;ssl=1 768w, https:\/\/i0.wp.com\/www.sp21sacz.edu.pl\/wp-content\/uploads\/2023\/10\/20231018_111321.jpg?resize=710%2C1536&amp;ssl=1 710w, https:\/\/i0.wp.com\/www.sp21sacz.edu.pl\/wp-content\/uploads\/2023\/10\/20231018_111321.jpg?w=946&amp;ssl=1 946w\" sizes=\"auto, (max-width: 473px) 100vw, 473px\" \/><\/a><\/figure>\n\n\n\n<figure class=\"wp-block-image size-large\"><a href=\"https:\/\/i0.wp.com\/www.sp21sacz.edu.pl\/wp-content\/uploads\/2023\/10\/20231018_105711.jpg\"><img data-recalc-dims=\"1\" loading=\"lazy\" decoding=\"async\" width=\"473\" height=\"1024\" data-id=\"25589\" src=\"https:\/\/i0.wp.com\/www.sp21sacz.edu.pl\/wp-content\/uploads\/2023\/10\/20231018_105711.jpg?resize=473%2C1024\" alt=\"\" class=\"wp-image-25589\" srcset=\"https:\/\/i0.wp.com\/www.sp21sacz.edu.pl\/wp-content\/uploads\/2023\/10\/20231018_105711.jpg?resize=473%2C1024&amp;ssl=1 473w, https:\/\/i0.wp.com\/www.sp21sacz.edu.pl\/wp-content\/uploads\/2023\/10\/20231018_105711.jpg?resize=139%2C300&amp;ssl=1 139w, https:\/\/i0.wp.com\/www.sp21sacz.edu.pl\/wp-content\/uploads\/2023\/10\/20231018_105711.jpg?resize=69%2C150&amp;ssl=1 69w, https:\/\/i0.wp.com\/www.sp21sacz.edu.pl\/wp-content\/uploads\/2023\/10\/20231018_105711.jpg?resize=768%2C1663&amp;ssl=1 768w, https:\/\/i0.wp.com\/www.sp21sacz.edu.pl\/wp-content\/uploads\/2023\/10\/20231018_105711.jpg?resize=710%2C1536&amp;ssl=1 710w, https:\/\/i0.wp.com\/www.sp21sacz.edu.pl\/wp-content\/uploads\/2023\/10\/20231018_105711.jpg?w=946&amp;ssl=1 946w\" sizes=\"auto, (max-width: 473px) 100vw, 473px\" \/><\/a><\/figure>\n\n\n\n<figure class=\"wp-block-image size-large\"><a href=\"https:\/\/i0.wp.com\/www.sp21sacz.edu.pl\/wp-content\/uploads\/2023\/10\/20231018_105713.jpg\"><img data-recalc-dims=\"1\" loading=\"lazy\" decoding=\"async\" width=\"473\" height=\"1024\" data-id=\"25590\" src=\"https:\/\/i0.wp.com\/www.sp21sacz.edu.pl\/wp-content\/uploads\/2023\/10\/20231018_105713.jpg?resize=473%2C1024\" alt=\"\" class=\"wp-image-25590\" srcset=\"https:\/\/i0.wp.com\/www.sp21sacz.edu.pl\/wp-content\/uploads\/2023\/10\/20231018_105713.jpg?resize=473%2C1024&amp;ssl=1 473w, https:\/\/i0.wp.com\/www.sp21sacz.edu.pl\/wp-content\/uploads\/2023\/10\/20231018_105713.jpg?resize=139%2C300&amp;ssl=1 139w, https:\/\/i0.wp.com\/www.sp21sacz.edu.pl\/wp-content\/uploads\/2023\/10\/20231018_105713.jpg?resize=69%2C150&amp;ssl=1 69w, https:\/\/i0.wp.com\/www.sp21sacz.edu.pl\/wp-content\/uploads\/2023\/10\/20231018_105713.jpg?resize=768%2C1663&amp;ssl=1 768w, https:\/\/i0.wp.com\/www.sp21sacz.edu.pl\/wp-content\/uploads\/2023\/10\/20231018_105713.jpg?resize=710%2C1536&amp;ssl=1 710w, https:\/\/i0.wp.com\/www.sp21sacz.edu.pl\/wp-content\/uploads\/2023\/10\/20231018_105713.jpg?w=946&amp;ssl=1 946w\" sizes=\"auto, (max-width: 473px) 100vw, 473px\" \/><\/a><\/figure>\n\n\n\n<figure class=\"wp-block-image size-large\"><img data-recalc-dims=\"1\" loading=\"lazy\" decoding=\"async\" width=\"473\" height=\"1024\" data-id=\"25592\" src=\"https:\/\/i0.wp.com\/www.sp21sacz.edu.pl\/wp-content\/uploads\/2023\/10\/20231018_105140.jpg?resize=473%2C1024\" alt=\"\" class=\"wp-image-25592\" srcset=\"https:\/\/i0.wp.com\/www.sp21sacz.edu.pl\/wp-content\/uploads\/2023\/10\/20231018_105140.jpg?resize=473%2C1024&amp;ssl=1 473w, https:\/\/i0.wp.com\/www.sp21sacz.edu.pl\/wp-content\/uploads\/2023\/10\/20231018_105140.jpg?resize=139%2C300&amp;ssl=1 139w, https:\/\/i0.wp.com\/www.sp21sacz.edu.pl\/wp-content\/uploads\/2023\/10\/20231018_105140.jpg?resize=69%2C150&amp;ssl=1 69w, https:\/\/i0.wp.com\/www.sp21sacz.edu.pl\/wp-content\/uploads\/2023\/10\/20231018_105140.jpg?resize=768%2C1663&amp;ssl=1 768w, https:\/\/i0.wp.com\/www.sp21sacz.edu.pl\/wp-content\/uploads\/2023\/10\/20231018_105140.jpg?resize=710%2C1536&amp;ssl=1 710w, https:\/\/i0.wp.com\/www.sp21sacz.edu.pl\/wp-content\/uploads\/2023\/10\/20231018_105140.jpg?w=946&amp;ssl=1 946w\" sizes=\"auto, (max-width: 473px) 100vw, 473px\" \/><\/figure>\n<\/figure>\n","protected":false},"excerpt":{"rendered":"<p>W ubieg\u0142\u0105 \u015brod\u0119 tj. 18.10.2023 r. w\u00a0zwi\u0105zku ze zbli\u017caj\u0105cym si\u0119 Dniem Wszystkich \u015awi\u0119tych, uczniowie samorz\u0105du uczniowskiego\u00a0wraz z\u00a0opiekunem pani\u0105 Katarzyn\u0105 Nowakowsk\u0105 odwiedzili gr\u00f3b\u00a0o\u00a0kt\u00f3ry\u00a0nasza szko\u0142a dba od\u00a0wielu lat. W\u00a0ten pi\u0119kny jesienny dzie\u0144 m\u0142odzie\u017c wybra\u0142a si\u0119 na Cmentarz Komunalny i wykona\u0142a prace porz\u0105dkowe oraz\u00a0zadba\u0142a o\u00a0estetyczny wygl\u0105d\u00a0miejsca poch\u00f3wku \u015bp.\u00a0Kpt. WP Floriana Wawrykiewicza. Uczniowie zapalili znicze i\u00a0w\u00a0chwili zadumy oddali ho\u0142d zmar\u0142emu,\u00a0kt\u00f3ry zgin\u0105\u0142 w obronie\u00a0naszej\u00a0wolno\u015bci. \u00a0<\/p>\n","protected":false},"author":1,"featured_media":25591,"comment_status":"closed","ping_status":"closed","sticky":false,"template":"","format":"standard","meta":{"jetpack_post_was_ever_published":false,"_jetpack_newsletter_access":"","_jetpack_dont_email_post_to_subs":false,"_jetpack_newsletter_tier_id":0,"_jetpack_memberships_contains_paywalled_content":false,"_jetpack_memberships_contains_paid_content":false,"footnotes":""},"categories":[1],"tags":[],"class_list":["post-25588","post","type-post","status-publish","format-standard","has-post-thumbnail","hentry","category-bez-kategorii"],"jetpack_featured_media_url":"https:\/\/i0.wp.com\/www.sp21sacz.edu.pl\/wp-content\/uploads\/2023\/10\/20231018_111321.jpg?fit=946%2C2048&ssl=1","jetpack_sharing_enabled":true,"_links":{"self":[{"href":"https:\/\/www.sp21sacz.edu.pl\/index.php\/wp-json\/wp\/v2\/posts\/25588","targetHints":{"allow":["GET"]}}],"collection":[{"href":"https:\/\/www.sp21sacz.edu.pl\/index.php\/wp-json\/wp\/v2\/posts"}],"about":[{"href":"https:\/\/www.sp21sacz.edu.pl\/index.php\/wp-json\/wp\/v2\/types\/post"}],"author":[{"embeddable":true,"href":"https:\/\/www.sp21sacz.edu.pl\/index.php\/wp-json\/wp\/v2\/users\/1"}],"replies":[{"embeddable":true,"href":"https:\/\/www.sp21sacz.edu.pl\/index.php\/wp-json\/wp\/v2\/comments?post=25588"}],"version-history":[{"count":1,"href":"https:\/\/www.sp21sacz.edu.pl\/index.php\/wp-json\/wp\/v2\/posts\/25588\/revisions"}],"predecessor-version":[{"id":25593,"href":"https:\/\/www.sp21sacz.edu.pl\/index.php\/wp-json\/wp\/v2\/posts\/25588\/revisions\/25593"}],"wp:featuredmedia":[{"embeddable":true,"href":"https:\/\/www.sp21sacz.edu.pl\/index.php\/wp-json\/wp\/v2\/media\/25591"}],"wp:attachment":[{"href":"https:\/\/www.sp21sacz.edu.pl\/index.php\/wp-json\/wp\/v2\/media?parent=25588"}],"wp:term":[{"taxonomy":"category","embeddable":true,"href":"https:\/\/www.sp21sacz.edu.pl\/index.php\/wp-json\/wp\/v2\/categories?post=25588"},{"taxonomy":"post_tag","embeddable":true,"href":"https:\/\/www.sp21sacz.edu.pl\/index.php\/wp-json\/wp\/v2\/tags?post=25588"}],"curies":[{"name":"wp","href":"https:\/\/api.w.org\/{rel}","templated":true}]}}