{"id":19890,"date":"2021-12-02T08:59:00","date_gmt":"2021-12-02T07:59:00","guid":{"rendered":"http:\/\/www.sp21sacz.edu.pl\/?p=19890"},"modified":"2021-12-02T10:25:47","modified_gmt":"2021-12-02T09:25:47","slug":"aktualne-konkursy-plastyczne","status":"publish","type":"post","link":"https:\/\/www.sp21sacz.edu.pl\/index.php\/2021\/12\/02\/aktualne-konkursy-plastyczne\/","title":{"rendered":"Aktualne konkursy plastyczne"},"content":{"rendered":"\n<p>KONKURSY SZKOLNE<\/p>\n<p>1.<strong>\u00a0Kartka \u015bwi\u0105teczna<\/strong><br \/>Technika: dowolna<br \/>Format: dowolny<br \/>Termin: Od 1 do 15 grudnia 2020 r.<\/p>\n<p><br \/>2. <strong>Ozdoba bo\u017conarodzeniowa<\/strong><br \/>Technika: dowolna<br \/>Format: dowolny<br \/>Termin: Od 1 do 15 grudnia<\/p>\n<p><br \/>Wykonane prace (wymienione wy\u017cej) prosz\u0119 podpisa\u0107: imi\u0119, nazwisko, klasa, zapakowa\u0107 i przynie\u015b\u0107 do szko\u0142y po 1 grudnia. Wrzuci\u0107 do specjalnego pude\u0142ka na portierni lub przynie\u015b\u0107 do biblioteki szkolnej. .<br \/>Dla zwyci\u0119zc\u00f3w przewidziane s\u0105 nagrody.<br \/>Serdecznie zapraszamy.<\/p>\n<p>\u00a0<\/p>\n<p>KONKURSY POZASZKOLNE<\/p>\n<p>\u00a0<\/p>\n\n\n\n<figure class=\"wp-block-embed is-type-wp-embed is-provider-pedagogiczna-biblioteka-wojewodzka-w-nowym-saczu wp-block-embed-pedagogiczna-biblioteka-wojewodzka-w-nowym-saczu\"><div class=\"wp-block-embed__wrapper\">\n<blockquote class=\"wp-embedded-content\" data-secret=\"89tocwUtww\"><a href=\"https:\/\/www.pbwnowysacz.pl\/aktualnosci\/konkurs-na-projekt-jubileuszowego-ekslibrisu-biblioteki\/\">Konkurs na projekt jubileuszowego ekslibrisu Biblioteki.<\/a><\/blockquote><iframe loading=\"lazy\" class=\"wp-embedded-content\" sandbox=\"allow-scripts\" security=\"restricted\" style=\"position: absolute; clip: rect(1px, 1px, 1px, 1px);\" title=\"&#8222;Konkurs na projekt jubileuszowego ekslibrisu Biblioteki.&#8221; &#8212; Pedagogiczna Biblioteka Wojew\u00f3dzka w Nowym S\u0105czu\" src=\"https:\/\/www.pbwnowysacz.pl\/aktualnosci\/konkurs-na-projekt-jubileuszowego-ekslibrisu-biblioteki\/embed\/#?secret=89tocwUtww\" data-secret=\"89tocwUtww\" width=\"600\" height=\"338\" frameborder=\"0\" marginwidth=\"0\" marginheight=\"0\" scrolling=\"no\"><\/iframe>\n<\/div><\/figure>\n\n\n\n\n\n<ol>\n<li>Konkurs na Ex Libris -prac\u0119 wraz z kart\u0105 zg\u0142oszenia oddajemy pani Annie Kmiecik do ko\u0144ca stycznia<\/li>\n<\/ol>\n","protected":false},"excerpt":{"rendered":"<p>KONKURSY SZKOLNE 1.\u00a0Kartka \u015bwi\u0105tecznaTechnika: dowolnaFormat: dowolnyTermin: Od 1 do 15 grudnia 2020 r. 2. Ozdoba bo\u017conarodzeniowaTechnika: dowolnaFormat: dowolnyTermin: Od 1 do 15 grudnia Wykonane prace (wymienione wy\u017cej) prosz\u0119 podpisa\u0107: imi\u0119, nazwisko, klasa, zapakowa\u0107 i przynie\u015b\u0107 do szko\u0142y po 1 grudnia. Wrzuci\u0107 do specjalnego pude\u0142ka na portierni lub przynie\u015b\u0107 do biblioteki szkolnej. .Dla zwyci\u0119zc\u00f3w przewidziane s\u0105 nagrody.Serdecznie zapraszamy. \u00a0 KONKURSY POZASZKOLNE<\/p>\n","protected":false},"author":1,"featured_media":19891,"comment_status":"closed","ping_status":"closed","sticky":false,"template":"","format":"standard","meta":{"jetpack_post_was_ever_published":false,"_jetpack_newsletter_access":"","_jetpack_dont_email_post_to_subs":false,"_jetpack_newsletter_tier_id":0,"_jetpack_memberships_contains_paywalled_content":false,"_jetpack_memberships_contains_paid_content":false,"footnotes":""},"categories":[1],"tags":[],"class_list":["post-19890","post","type-post","status-publish","format-standard","has-post-thumbnail","hentry","category-bez-kategorii"],"jetpack_featured_media_url":"https:\/\/i0.wp.com\/www.sp21sacz.edu.pl\/wp-content\/uploads\/2021\/11\/Art.jpg?fit=948%2C572&ssl=1","jetpack_sharing_enabled":true,"_links":{"self":[{"href":"https:\/\/www.sp21sacz.edu.pl\/index.php\/wp-json\/wp\/v2\/posts\/19890","targetHints":{"allow":["GET"]}}],"collection":[{"href":"https:\/\/www.sp21sacz.edu.pl\/index.php\/wp-json\/wp\/v2\/posts"}],"about":[{"href":"https:\/\/www.sp21sacz.edu.pl\/index.php\/wp-json\/wp\/v2\/types\/post"}],"author":[{"embeddable":true,"href":"https:\/\/www.sp21sacz.edu.pl\/index.php\/wp-json\/wp\/v2\/users\/1"}],"replies":[{"embeddable":true,"href":"https:\/\/www.sp21sacz.edu.pl\/index.php\/wp-json\/wp\/v2\/comments?post=19890"}],"version-history":[{"count":4,"href":"https:\/\/www.sp21sacz.edu.pl\/index.php\/wp-json\/wp\/v2\/posts\/19890\/revisions"}],"predecessor-version":[{"id":20449,"href":"https:\/\/www.sp21sacz.edu.pl\/index.php\/wp-json\/wp\/v2\/posts\/19890\/revisions\/20449"}],"wp:featuredmedia":[{"embeddable":true,"href":"https:\/\/www.sp21sacz.edu.pl\/index.php\/wp-json\/wp\/v2\/media\/19891"}],"wp:attachment":[{"href":"https:\/\/www.sp21sacz.edu.pl\/index.php\/wp-json\/wp\/v2\/media?parent=19890"}],"wp:term":[{"taxonomy":"category","embeddable":true,"href":"https:\/\/www.sp21sacz.edu.pl\/index.php\/wp-json\/wp\/v2\/categories?post=19890"},{"taxonomy":"post_tag","embeddable":true,"href":"https:\/\/www.sp21sacz.edu.pl\/index.php\/wp-json\/wp\/v2\/tags?post=19890"}],"curies":[{"name":"wp","href":"https:\/\/api.w.org\/{rel}","templated":true}]}}