{"id":18459,"date":"2021-06-07T08:26:31","date_gmt":"2021-06-07T06:26:31","guid":{"rendered":"http:\/\/www.sp21sacz.edu.pl\/?p=18459"},"modified":"2021-06-07T08:26:31","modified_gmt":"2021-06-07T06:26:31","slug":"dzien-chemika","status":"publish","type":"post","link":"https:\/\/www.sp21sacz.edu.pl\/index.php\/2021\/06\/07\/dzien-chemika\/","title":{"rendered":"Dzie\u0144 Chemika"},"content":{"rendered":"\n<p>W pierwsz\u0105 niedziel\u0119 czerwca obchodzony jest Dzie\u0144 Chemika. W tym roku wydarzenie to wypada na 6 czerwca.<br>Pocz\u0105tek temu \u015bwi\u0119tu da\u0142o Stowarzyszenie In\u017cynier\u00f3w i Technik\u00f3w Przemys\u0142u Chemicznego. W tym dniu \u015bwi\u0119tuj\u0105 osoby, dla kt\u00f3rych chemia jest pasj\u0105. W ramach obchod\u00f3w r\u00f3\u017cne instytucje, firmy i szko\u0142y organizuj\u0105 wydarzenia&nbsp;wi\u0105zane&nbsp;z promowaniem<br>nauk chemicznych w\u015br\u00f3d os\u00f3b m\u0142odych. Z tej okazji odbywaj\u0105 si\u0119 pokazy naukowe, spotkania, koncerty, festyny czy zawody.<br>Uczniowie z naszej szko\u0142y r\u00f3wnie\u017c w\u0142\u0105czyli si\u0119 w tegoroczne obchody Dnia Chemika.<br>\u00d3smoklasi\u015bci wraz z nauczycielk\u0105 Agat\u0105 Gajkowsk\u0105 przygotowali filmik \u2013 prezentacj\u0119, w kt\u00f3rej ukazuj\u0105 chemi\u0119 nie tylko jako trudny przedmiot, kt\u00f3rego trzeba si\u0119 nauczy\u0107.<br>Zapraszamy do ogl\u0105dni\u0119cia przygotowanego materia\u0142u.<\/p>\n<p>&nbsp;<\/p>\n\n\n<p><iframe loading=\"lazy\" src=\"https:\/\/onedrive.live.com\/embed?cid=52937813FA278350&amp;resid=52937813FA278350%21139&amp;authkey=AFbK0ZKMzGykLro&amp;em=2&amp;wdAr=1.7777777777777777\" width=\"1186px\" height=\"691px\" frameborder=\"0\">To jest osadzony dokument pakietu <a target=\"_blank\" href=\"https:\/\/office.com\" rel=\"noopener\">Microsoft Office<\/a> obs\u0142ugiwany przez aplikacj\u0119 <a target=\"_blank\" href=\"https:\/\/office.com\/webapps\" rel=\"noopener\">Office<\/a>.<\/iframe><\/p>","protected":false},"excerpt":{"rendered":"<p>W pierwsz\u0105 niedziel\u0119 czerwca obchodzony jest Dzie\u0144 Chemika. W tym roku wydarzenie to wypada na 6 czerwca.Pocz\u0105tek temu \u015bwi\u0119tu da\u0142o Stowarzyszenie In\u017cynier\u00f3w i Technik\u00f3w Przemys\u0142u Chemicznego. W tym dniu \u015bwi\u0119tuj\u0105 osoby, dla kt\u00f3rych chemia jest pasj\u0105. W ramach obchod\u00f3w r\u00f3\u017cne instytucje, firmy i szko\u0142y organizuj\u0105 wydarzenia&nbsp;wi\u0105zane&nbsp;z promowaniemnauk chemicznych w\u015br\u00f3d os\u00f3b m\u0142odych. Z tej okazji odbywaj\u0105 si\u0119 pokazy naukowe, spotkania, koncerty,<\/p>\n","protected":false},"author":1,"featured_media":18460,"comment_status":"closed","ping_status":"closed","sticky":false,"template":"","format":"standard","meta":{"jetpack_post_was_ever_published":false,"_jetpack_newsletter_access":"","_jetpack_dont_email_post_to_subs":false,"_jetpack_newsletter_tier_id":0,"_jetpack_memberships_contains_paywalled_content":false,"_jetpack_memberships_contains_paid_content":false,"footnotes":""},"categories":[1],"tags":[],"class_list":["post-18459","post","type-post","status-publish","format-standard","has-post-thumbnail","hentry","category-bez-kategorii"],"jetpack_featured_media_url":"https:\/\/i0.wp.com\/www.sp21sacz.edu.pl\/wp-content\/uploads\/2021\/06\/logo-na-strone.jpg?fit=917%2C304&ssl=1","jetpack_sharing_enabled":true,"_links":{"self":[{"href":"https:\/\/www.sp21sacz.edu.pl\/index.php\/wp-json\/wp\/v2\/posts\/18459","targetHints":{"allow":["GET"]}}],"collection":[{"href":"https:\/\/www.sp21sacz.edu.pl\/index.php\/wp-json\/wp\/v2\/posts"}],"about":[{"href":"https:\/\/www.sp21sacz.edu.pl\/index.php\/wp-json\/wp\/v2\/types\/post"}],"author":[{"embeddable":true,"href":"https:\/\/www.sp21sacz.edu.pl\/index.php\/wp-json\/wp\/v2\/users\/1"}],"replies":[{"embeddable":true,"href":"https:\/\/www.sp21sacz.edu.pl\/index.php\/wp-json\/wp\/v2\/comments?post=18459"}],"version-history":[{"count":1,"href":"https:\/\/www.sp21sacz.edu.pl\/index.php\/wp-json\/wp\/v2\/posts\/18459\/revisions"}],"predecessor-version":[{"id":18461,"href":"https:\/\/www.sp21sacz.edu.pl\/index.php\/wp-json\/wp\/v2\/posts\/18459\/revisions\/18461"}],"wp:featuredmedia":[{"embeddable":true,"href":"https:\/\/www.sp21sacz.edu.pl\/index.php\/wp-json\/wp\/v2\/media\/18460"}],"wp:attachment":[{"href":"https:\/\/www.sp21sacz.edu.pl\/index.php\/wp-json\/wp\/v2\/media?parent=18459"}],"wp:term":[{"taxonomy":"category","embeddable":true,"href":"https:\/\/www.sp21sacz.edu.pl\/index.php\/wp-json\/wp\/v2\/categories?post=18459"},{"taxonomy":"post_tag","embeddable":true,"href":"https:\/\/www.sp21sacz.edu.pl\/index.php\/wp-json\/wp\/v2\/tags?post=18459"}],"curies":[{"name":"wp","href":"https:\/\/api.w.org\/{rel}","templated":true}]}}