{"id":18084,"date":"2021-04-12T08:03:34","date_gmt":"2021-04-12T06:03:34","guid":{"rendered":"http:\/\/www.sp21sacz.edu.pl\/?p=18084"},"modified":"2021-04-12T08:03:34","modified_gmt":"2021-04-12T06:03:34","slug":"jan-molitoris-finalista-malopolskiego-konkursu-chemicznego","status":"publish","type":"post","link":"https:\/\/www.sp21sacz.edu.pl\/index.php\/2021\/04\/12\/jan-molitoris-finalista-malopolskiego-konkursu-chemicznego\/","title":{"rendered":"Jan Molitoris Finalist\u0105 Ma\u0142opolskiego Konkursu Chemicznego"},"content":{"rendered":"\n<p><strong>Jan Molitoris, ucze\u0144\u00a0 klasy 8B, jako pierwszy w historii naszej szko\u0142y zosta\u0142 Finalist\u0105 Ma\u0142opolskiego Konkursu Chemicznego dla uczni\u00f3w szk\u00f3\u0142 podstawowych organizowanym przez Ma\u0142opolskie Kuratorium O\u015bwiaty w Krakowie. <\/strong><\/p>\n<p>Pomimo trudno\u015bci w przygotowaniach zwi\u0105zanych z zdalnym nauczaniem oraz zmiany termin\u00f3w konkurs odby\u0142 si\u0119 z zachowaniem porz\u0105dku tj. w trzech etapach: szkolnym, rejonowym i wojew\u00f3dzkim.<\/p>\n<p>Do etapu rejonowego zakwalifikowa\u0142o si\u0119 215\u00a0 uczni\u00f3w z ca\u0142ego wojew\u00f3dztwa. Natomiast w ostatnim, fina\u0142owym etapie, kt\u00f3ry odby\u0142 si\u0119 w Krakowie wzi\u0119\u0142o udzia\u0142\u00a0 42\u00a0 uczni\u00f3w szk\u00f3\u0142 ma\u0142opolskich. Pytania konkursowe znacznie wykracza\u0142y poza materia\u0142 przewidziany programem nauczania w szkole podstawowej. Cz\u0119sto by\u0142y to tre\u015bci realizowane w szkole \u015bredniej.<\/p>\n<p><strong>Na etapie wojew\u00f3dzkim Jan\u00a0zdoby\u0142 \u00a085 % poprawnych odpowiedzi, co da\u0142o mu Tytu\u0142 Finalisty Ma\u0142opolskiego Konkursu Chemicznego.<\/strong><\/p>\n<p><strong>Ca\u0142a spo\u0142eczno\u015b\u0107 szkolna jest dumna z sukcesu Janka! Naszemu finali\u015bcie serdecznie gratulujemy talentu, pracowito\u015bci i wytrwa\u0142o\u015bci! <\/strong><\/p>\n<p>\u00a0<\/p>\n","protected":false},"excerpt":{"rendered":"<p>Jan Molitoris, ucze\u0144\u00a0 klasy 8B, jako pierwszy w historii naszej szko\u0142y zosta\u0142 Finalist\u0105 Ma\u0142opolskiego Konkursu Chemicznego dla uczni\u00f3w szk\u00f3\u0142 podstawowych organizowanym przez Ma\u0142opolskie Kuratorium O\u015bwiaty w Krakowie. Pomimo trudno\u015bci w przygotowaniach zwi\u0105zanych z zdalnym nauczaniem oraz zmiany termin\u00f3w konkurs odby\u0142 si\u0119 z zachowaniem porz\u0105dku tj. w trzech etapach: szkolnym, rejonowym i wojew\u00f3dzkim. Do etapu rejonowego zakwalifikowa\u0142o si\u0119 215\u00a0 uczni\u00f3w z<\/p>\n","protected":false},"author":1,"featured_media":18085,"comment_status":"closed","ping_status":"closed","sticky":false,"template":"","format":"standard","meta":{"jetpack_post_was_ever_published":false,"_jetpack_newsletter_access":"","_jetpack_dont_email_post_to_subs":false,"_jetpack_newsletter_tier_id":0,"_jetpack_memberships_contains_paywalled_content":false,"_jetpack_memberships_contains_paid_content":false,"footnotes":""},"categories":[1],"tags":[],"class_list":["post-18084","post","type-post","status-publish","format-standard","has-post-thumbnail","hentry","category-bez-kategorii"],"jetpack_featured_media_url":"https:\/\/i0.wp.com\/www.sp21sacz.edu.pl\/wp-content\/uploads\/2021\/04\/logo.png?fit=515%2C430&ssl=1","jetpack_sharing_enabled":true,"_links":{"self":[{"href":"https:\/\/www.sp21sacz.edu.pl\/index.php\/wp-json\/wp\/v2\/posts\/18084","targetHints":{"allow":["GET"]}}],"collection":[{"href":"https:\/\/www.sp21sacz.edu.pl\/index.php\/wp-json\/wp\/v2\/posts"}],"about":[{"href":"https:\/\/www.sp21sacz.edu.pl\/index.php\/wp-json\/wp\/v2\/types\/post"}],"author":[{"embeddable":true,"href":"https:\/\/www.sp21sacz.edu.pl\/index.php\/wp-json\/wp\/v2\/users\/1"}],"replies":[{"embeddable":true,"href":"https:\/\/www.sp21sacz.edu.pl\/index.php\/wp-json\/wp\/v2\/comments?post=18084"}],"version-history":[{"count":1,"href":"https:\/\/www.sp21sacz.edu.pl\/index.php\/wp-json\/wp\/v2\/posts\/18084\/revisions"}],"predecessor-version":[{"id":18086,"href":"https:\/\/www.sp21sacz.edu.pl\/index.php\/wp-json\/wp\/v2\/posts\/18084\/revisions\/18086"}],"wp:featuredmedia":[{"embeddable":true,"href":"https:\/\/www.sp21sacz.edu.pl\/index.php\/wp-json\/wp\/v2\/media\/18085"}],"wp:attachment":[{"href":"https:\/\/www.sp21sacz.edu.pl\/index.php\/wp-json\/wp\/v2\/media?parent=18084"}],"wp:term":[{"taxonomy":"category","embeddable":true,"href":"https:\/\/www.sp21sacz.edu.pl\/index.php\/wp-json\/wp\/v2\/categories?post=18084"},{"taxonomy":"post_tag","embeddable":true,"href":"https:\/\/www.sp21sacz.edu.pl\/index.php\/wp-json\/wp\/v2\/tags?post=18084"}],"curies":[{"name":"wp","href":"https:\/\/api.w.org\/{rel}","templated":true}]}}