{"id":16582,"date":"2020-11-27T12:38:38","date_gmt":"2020-11-27T11:38:38","guid":{"rendered":"http:\/\/www.sp21sacz.edu.pl\/?p=16582"},"modified":"2020-12-03T16:07:57","modified_gmt":"2020-12-03T15:07:57","slug":"dzien-pluszowego-misia-w-przedszkolu","status":"publish","type":"post","link":"https:\/\/www.sp21sacz.edu.pl\/index.php\/2020\/11\/27\/dzien-pluszowego-misia-w-przedszkolu\/","title":{"rendered":"Dzie\u0144 Pluszowego Misia w przedszkolu"},"content":{"rendered":"\n<p>W dniu 25 listopada Grupa Krasnoludki obchodzi\u0142a Dzie\u0144 Pluszowego Misia. Dzieci wykona\u0142y misiowe opaski na g\u0142ow\u0119, dzieli\u0142y si\u0119 z r\u00f3wie\u015bnikami informacjami na temat wygl\u0105du oraz imion swoich pluszowych przyjaci\u00f3\u0142. Po uko\u0144czeniu kolorowania wizerunku ulubionej przytulanki, nasz\u0105 grup\u0119 odwiedzi\u0142 Mi\u015b Uszatek z kt\u00f3rym dzieci zrobi\u0142y sobie pami\u0105tkowe zdj\u0119cie.<\/p>\n<p>&nbsp;<\/p>\n\n\n\n<figure class=\"wp-block-gallery columns-5 is-cropped wp-block-gallery-1 is-layout-flex wp-block-gallery-is-layout-flex\"><ul class=\"blocks-gallery-grid\"><li class=\"blocks-gallery-item\"><figure><a href=\"https:\/\/i0.wp.com\/www.sp21sacz.edu.pl\/wp-content\/uploads\/2020\/11\/20201125_095643.jpg\"><img data-recalc-dims=\"1\" loading=\"lazy\" decoding=\"async\" width=\"800\" height=\"600\" src=\"https:\/\/i0.wp.com\/www.sp21sacz.edu.pl\/wp-content\/uploads\/2020\/11\/20201125_095643.jpg?resize=800%2C600\" alt=\"\" data-id=\"16583\" data-full-url=\"http:\/\/www.sp21sacz.edu.pl\/wp-content\/uploads\/2020\/11\/20201125_095643.jpg\" data-link=\"http:\/\/www.sp21sacz.edu.pl\/?attachment_id=16583\" class=\"wp-image-16583\" srcset=\"https:\/\/i0.wp.com\/www.sp21sacz.edu.pl\/wp-content\/uploads\/2020\/11\/20201125_095643.jpg?w=800&amp;ssl=1 800w, https:\/\/i0.wp.com\/www.sp21sacz.edu.pl\/wp-content\/uploads\/2020\/11\/20201125_095643.jpg?resize=300%2C225&amp;ssl=1 300w, https:\/\/i0.wp.com\/www.sp21sacz.edu.pl\/wp-content\/uploads\/2020\/11\/20201125_095643.jpg?resize=768%2C576&amp;ssl=1 768w\" sizes=\"auto, (max-width: 800px) 100vw, 800px\" \/><\/a><\/figure><\/li><li class=\"blocks-gallery-item\"><figure><a href=\"https:\/\/i0.wp.com\/www.sp21sacz.edu.pl\/wp-content\/uploads\/2020\/11\/20201125_095659.jpg\"><img data-recalc-dims=\"1\" loading=\"lazy\" decoding=\"async\" width=\"800\" height=\"600\" src=\"https:\/\/i0.wp.com\/www.sp21sacz.edu.pl\/wp-content\/uploads\/2020\/11\/20201125_095659.jpg?resize=800%2C600\" alt=\"\" data-id=\"16584\" data-full-url=\"http:\/\/www.sp21sacz.edu.pl\/wp-content\/uploads\/2020\/11\/20201125_095659.jpg\" data-link=\"http:\/\/www.sp21sacz.edu.pl\/?attachment_id=16584\" class=\"wp-image-16584\" srcset=\"https:\/\/i0.wp.com\/www.sp21sacz.edu.pl\/wp-content\/uploads\/2020\/11\/20201125_095659.jpg?w=800&amp;ssl=1 800w, https:\/\/i0.wp.com\/www.sp21sacz.edu.pl\/wp-content\/uploads\/2020\/11\/20201125_095659.jpg?resize=300%2C225&amp;ssl=1 300w, https:\/\/i0.wp.com\/www.sp21sacz.edu.pl\/wp-content\/uploads\/2020\/11\/20201125_095659.jpg?resize=768%2C576&amp;ssl=1 768w\" sizes=\"auto, (max-width: 800px) 100vw, 800px\" \/><\/a><\/figure><\/li><li class=\"blocks-gallery-item\"><figure><a href=\"https:\/\/i0.wp.com\/www.sp21sacz.edu.pl\/wp-content\/uploads\/2020\/11\/20201125_095820.jpg\"><img data-recalc-dims=\"1\" loading=\"lazy\" decoding=\"async\" width=\"615\" height=\"600\" src=\"https:\/\/i0.wp.com\/www.sp21sacz.edu.pl\/wp-content\/uploads\/2020\/11\/20201125_095820.jpg?resize=615%2C600\" alt=\"\" data-id=\"16585\" data-full-url=\"http:\/\/www.sp21sacz.edu.pl\/wp-content\/uploads\/2020\/11\/20201125_095820.jpg\" data-link=\"http:\/\/www.sp21sacz.edu.pl\/?attachment_id=16585\" class=\"wp-image-16585\" srcset=\"https:\/\/i0.wp.com\/www.sp21sacz.edu.pl\/wp-content\/uploads\/2020\/11\/20201125_095820.jpg?w=615&amp;ssl=1 615w, https:\/\/i0.wp.com\/www.sp21sacz.edu.pl\/wp-content\/uploads\/2020\/11\/20201125_095820.jpg?resize=300%2C293&amp;ssl=1 300w\" sizes=\"auto, (max-width: 615px) 100vw, 615px\" \/><\/a><\/figure><\/li><li class=\"blocks-gallery-item\"><figure><a href=\"https:\/\/i0.wp.com\/www.sp21sacz.edu.pl\/wp-content\/uploads\/2020\/11\/20201125_095907.jpg\"><img data-recalc-dims=\"1\" loading=\"lazy\" decoding=\"async\" width=\"800\" height=\"587\" src=\"https:\/\/i0.wp.com\/www.sp21sacz.edu.pl\/wp-content\/uploads\/2020\/11\/20201125_095907.jpg?resize=800%2C587\" alt=\"\" data-id=\"16586\" data-full-url=\"http:\/\/www.sp21sacz.edu.pl\/wp-content\/uploads\/2020\/11\/20201125_095907.jpg\" data-link=\"http:\/\/www.sp21sacz.edu.pl\/?attachment_id=16586\" class=\"wp-image-16586\" srcset=\"https:\/\/i0.wp.com\/www.sp21sacz.edu.pl\/wp-content\/uploads\/2020\/11\/20201125_095907.jpg?w=800&amp;ssl=1 800w, https:\/\/i0.wp.com\/www.sp21sacz.edu.pl\/wp-content\/uploads\/2020\/11\/20201125_095907.jpg?resize=300%2C220&amp;ssl=1 300w, https:\/\/i0.wp.com\/www.sp21sacz.edu.pl\/wp-content\/uploads\/2020\/11\/20201125_095907.jpg?resize=768%2C564&amp;ssl=1 768w\" sizes=\"auto, (max-width: 800px) 100vw, 800px\" \/><\/a><\/figure><\/li><li class=\"blocks-gallery-item\"><figure><a href=\"https:\/\/i0.wp.com\/www.sp21sacz.edu.pl\/wp-content\/uploads\/2020\/11\/20201125_101650.jpg\"><img data-recalc-dims=\"1\" loading=\"lazy\" decoding=\"async\" width=\"800\" height=\"501\" src=\"https:\/\/i0.wp.com\/www.sp21sacz.edu.pl\/wp-content\/uploads\/2020\/11\/20201125_101650.jpg?resize=800%2C501\" alt=\"\" data-id=\"16587\" data-full-url=\"http:\/\/www.sp21sacz.edu.pl\/wp-content\/uploads\/2020\/11\/20201125_101650.jpg\" data-link=\"http:\/\/www.sp21sacz.edu.pl\/?attachment_id=16587\" class=\"wp-image-16587\" srcset=\"https:\/\/i0.wp.com\/www.sp21sacz.edu.pl\/wp-content\/uploads\/2020\/11\/20201125_101650.jpg?w=800&amp;ssl=1 800w, https:\/\/i0.wp.com\/www.sp21sacz.edu.pl\/wp-content\/uploads\/2020\/11\/20201125_101650.jpg?resize=300%2C188&amp;ssl=1 300w, https:\/\/i0.wp.com\/www.sp21sacz.edu.pl\/wp-content\/uploads\/2020\/11\/20201125_101650.jpg?resize=768%2C481&amp;ssl=1 768w\" sizes=\"auto, (max-width: 800px) 100vw, 800px\" \/><\/a><\/figure><\/li><\/ul><\/figure>\n\n\n\n<p>U Maluszk\u00f3w Misie tak\u017ce mia\u0142y sw\u00f3j dzie\u0144. Przedszkolaki wzi\u0119\u0142y swoje pluszaki do grypy i opowiedzia\u0142y o nich Kosztowa\u0142y miodek oraz wykonywa\u0142y wiele innych zada\u0144. Potem bawi\u0142y si\u0119 swoimi misiami.<\/p>\n\n\n\n<figure class=\"wp-block-gallery columns-8 is-cropped wp-block-gallery-2 is-layout-flex wp-block-gallery-is-layout-flex\"><ul class=\"blocks-gallery-grid\"><li class=\"blocks-gallery-item\"><figure><a href=\"https:\/\/i0.wp.com\/www.sp21sacz.edu.pl\/wp-content\/uploads\/2020\/11\/127886966_376199616819960_5094393805554944000_n.jpg\"><img data-recalc-dims=\"1\" loading=\"lazy\" decoding=\"async\" width=\"600\" height=\"800\" src=\"https:\/\/i0.wp.com\/www.sp21sacz.edu.pl\/wp-content\/uploads\/2020\/11\/127886966_376199616819960_5094393805554944000_n.jpg?resize=600%2C800\" alt=\"\" data-id=\"16680\" data-full-url=\"http:\/\/www.sp21sacz.edu.pl\/wp-content\/uploads\/2020\/11\/127886966_376199616819960_5094393805554944000_n.jpg\" data-link=\"http:\/\/www.sp21sacz.edu.pl\/index.php\/2020\/11\/27\/dzien-pluszowego-misia-w-przedszkolu\/127886966_376199616819960_5094393805554944000_n\/\" class=\"wp-image-16680\" srcset=\"https:\/\/i0.wp.com\/www.sp21sacz.edu.pl\/wp-content\/uploads\/2020\/11\/127886966_376199616819960_5094393805554944000_n.jpg?w=600&amp;ssl=1 600w, https:\/\/i0.wp.com\/www.sp21sacz.edu.pl\/wp-content\/uploads\/2020\/11\/127886966_376199616819960_5094393805554944000_n.jpg?resize=225%2C300&amp;ssl=1 225w\" sizes=\"auto, (max-width: 600px) 100vw, 600px\" \/><\/a><\/figure><\/li><li class=\"blocks-gallery-item\"><figure><a href=\"https:\/\/i0.wp.com\/www.sp21sacz.edu.pl\/wp-content\/uploads\/2020\/11\/128053029_3291829494273666_884578960365498631_n.jpg\"><img data-recalc-dims=\"1\" loading=\"lazy\" decoding=\"async\" width=\"600\" height=\"800\" src=\"https:\/\/i0.wp.com\/www.sp21sacz.edu.pl\/wp-content\/uploads\/2020\/11\/128053029_3291829494273666_884578960365498631_n.jpg?resize=600%2C800\" alt=\"\" data-id=\"16681\" data-full-url=\"http:\/\/www.sp21sacz.edu.pl\/wp-content\/uploads\/2020\/11\/128053029_3291829494273666_884578960365498631_n.jpg\" data-link=\"http:\/\/www.sp21sacz.edu.pl\/index.php\/2020\/11\/27\/dzien-pluszowego-misia-w-przedszkolu\/128053029_3291829494273666_884578960365498631_n\/\" class=\"wp-image-16681\" srcset=\"https:\/\/i0.wp.com\/www.sp21sacz.edu.pl\/wp-content\/uploads\/2020\/11\/128053029_3291829494273666_884578960365498631_n.jpg?w=600&amp;ssl=1 600w, https:\/\/i0.wp.com\/www.sp21sacz.edu.pl\/wp-content\/uploads\/2020\/11\/128053029_3291829494273666_884578960365498631_n.jpg?resize=225%2C300&amp;ssl=1 225w\" sizes=\"auto, (max-width: 600px) 100vw, 600px\" \/><\/a><\/figure><\/li><li class=\"blocks-gallery-item\"><figure><a href=\"https:\/\/i0.wp.com\/www.sp21sacz.edu.pl\/wp-content\/uploads\/2020\/11\/128170755_1328567130818445_965844790117512862_n.jpg\"><img data-recalc-dims=\"1\" loading=\"lazy\" decoding=\"async\" width=\"600\" height=\"800\" src=\"https:\/\/i0.wp.com\/www.sp21sacz.edu.pl\/wp-content\/uploads\/2020\/11\/128170755_1328567130818445_965844790117512862_n.jpg?resize=600%2C800\" alt=\"\" data-id=\"16682\" data-full-url=\"http:\/\/www.sp21sacz.edu.pl\/wp-content\/uploads\/2020\/11\/128170755_1328567130818445_965844790117512862_n.jpg\" data-link=\"http:\/\/www.sp21sacz.edu.pl\/index.php\/2020\/11\/27\/dzien-pluszowego-misia-w-przedszkolu\/128170755_1328567130818445_965844790117512862_n\/\" class=\"wp-image-16682\" srcset=\"https:\/\/i0.wp.com\/www.sp21sacz.edu.pl\/wp-content\/uploads\/2020\/11\/128170755_1328567130818445_965844790117512862_n.jpg?w=600&amp;ssl=1 600w, https:\/\/i0.wp.com\/www.sp21sacz.edu.pl\/wp-content\/uploads\/2020\/11\/128170755_1328567130818445_965844790117512862_n.jpg?resize=225%2C300&amp;ssl=1 225w\" sizes=\"auto, (max-width: 600px) 100vw, 600px\" \/><\/a><\/figure><\/li><li class=\"blocks-gallery-item\"><figure><a href=\"https:\/\/i0.wp.com\/www.sp21sacz.edu.pl\/wp-content\/uploads\/2020\/11\/128177835_156362016217902_7689418154101312489_n.jpg\"><img data-recalc-dims=\"1\" loading=\"lazy\" decoding=\"async\" width=\"600\" height=\"800\" src=\"https:\/\/i0.wp.com\/www.sp21sacz.edu.pl\/wp-content\/uploads\/2020\/11\/128177835_156362016217902_7689418154101312489_n.jpg?resize=600%2C800\" alt=\"\" data-id=\"16683\" data-full-url=\"http:\/\/www.sp21sacz.edu.pl\/wp-content\/uploads\/2020\/11\/128177835_156362016217902_7689418154101312489_n.jpg\" data-link=\"http:\/\/www.sp21sacz.edu.pl\/index.php\/2020\/11\/27\/dzien-pluszowego-misia-w-przedszkolu\/128177835_156362016217902_7689418154101312489_n\/\" class=\"wp-image-16683\" srcset=\"https:\/\/i0.wp.com\/www.sp21sacz.edu.pl\/wp-content\/uploads\/2020\/11\/128177835_156362016217902_7689418154101312489_n.jpg?w=600&amp;ssl=1 600w, https:\/\/i0.wp.com\/www.sp21sacz.edu.pl\/wp-content\/uploads\/2020\/11\/128177835_156362016217902_7689418154101312489_n.jpg?resize=225%2C300&amp;ssl=1 225w\" sizes=\"auto, (max-width: 600px) 100vw, 600px\" \/><\/a><\/figure><\/li><li class=\"blocks-gallery-item\"><figure><a href=\"https:\/\/i0.wp.com\/www.sp21sacz.edu.pl\/wp-content\/uploads\/2020\/11\/128355691_119653746505092_4290565108084328394_n.jpg\"><img data-recalc-dims=\"1\" loading=\"lazy\" decoding=\"async\" width=\"800\" height=\"600\" src=\"https:\/\/i0.wp.com\/www.sp21sacz.edu.pl\/wp-content\/uploads\/2020\/11\/128355691_119653746505092_4290565108084328394_n.jpg?resize=800%2C600\" alt=\"\" data-id=\"16684\" data-full-url=\"http:\/\/www.sp21sacz.edu.pl\/wp-content\/uploads\/2020\/11\/128355691_119653746505092_4290565108084328394_n.jpg\" data-link=\"http:\/\/www.sp21sacz.edu.pl\/index.php\/2020\/11\/27\/dzien-pluszowego-misia-w-przedszkolu\/128355691_119653746505092_4290565108084328394_n\/\" class=\"wp-image-16684\" srcset=\"https:\/\/i0.wp.com\/www.sp21sacz.edu.pl\/wp-content\/uploads\/2020\/11\/128355691_119653746505092_4290565108084328394_n.jpg?w=800&amp;ssl=1 800w, https:\/\/i0.wp.com\/www.sp21sacz.edu.pl\/wp-content\/uploads\/2020\/11\/128355691_119653746505092_4290565108084328394_n.jpg?resize=300%2C225&amp;ssl=1 300w, https:\/\/i0.wp.com\/www.sp21sacz.edu.pl\/wp-content\/uploads\/2020\/11\/128355691_119653746505092_4290565108084328394_n.jpg?resize=768%2C576&amp;ssl=1 768w\" sizes=\"auto, (max-width: 800px) 100vw, 800px\" \/><\/a><\/figure><\/li><li class=\"blocks-gallery-item\"><figure><a href=\"https:\/\/i0.wp.com\/www.sp21sacz.edu.pl\/wp-content\/uploads\/2020\/11\/129066956_214715323438049_8953331564408547004_n.jpg\"><img data-recalc-dims=\"1\" loading=\"lazy\" decoding=\"async\" width=\"600\" height=\"800\" src=\"https:\/\/i0.wp.com\/www.sp21sacz.edu.pl\/wp-content\/uploads\/2020\/11\/129066956_214715323438049_8953331564408547004_n.jpg?resize=600%2C800\" alt=\"\" data-id=\"16685\" data-full-url=\"http:\/\/www.sp21sacz.edu.pl\/wp-content\/uploads\/2020\/11\/129066956_214715323438049_8953331564408547004_n.jpg\" data-link=\"http:\/\/www.sp21sacz.edu.pl\/index.php\/2020\/11\/27\/dzien-pluszowego-misia-w-przedszkolu\/129066956_214715323438049_8953331564408547004_n\/\" class=\"wp-image-16685\" srcset=\"https:\/\/i0.wp.com\/www.sp21sacz.edu.pl\/wp-content\/uploads\/2020\/11\/129066956_214715323438049_8953331564408547004_n.jpg?w=600&amp;ssl=1 600w, https:\/\/i0.wp.com\/www.sp21sacz.edu.pl\/wp-content\/uploads\/2020\/11\/129066956_214715323438049_8953331564408547004_n.jpg?resize=225%2C300&amp;ssl=1 225w\" sizes=\"auto, (max-width: 600px) 100vw, 600px\" \/><\/a><\/figure><\/li><li class=\"blocks-gallery-item\"><figure><a href=\"https:\/\/i0.wp.com\/www.sp21sacz.edu.pl\/wp-content\/uploads\/2020\/11\/129113048_382545262833801_2390057023986862316_n.jpg\"><img data-recalc-dims=\"1\" loading=\"lazy\" decoding=\"async\" width=\"800\" height=\"600\" src=\"https:\/\/i0.wp.com\/www.sp21sacz.edu.pl\/wp-content\/uploads\/2020\/11\/129113048_382545262833801_2390057023986862316_n.jpg?resize=800%2C600\" alt=\"\" data-id=\"16686\" data-full-url=\"http:\/\/www.sp21sacz.edu.pl\/wp-content\/uploads\/2020\/11\/129113048_382545262833801_2390057023986862316_n.jpg\" data-link=\"http:\/\/www.sp21sacz.edu.pl\/index.php\/2020\/11\/27\/dzien-pluszowego-misia-w-przedszkolu\/129113048_382545262833801_2390057023986862316_n\/\" class=\"wp-image-16686\" srcset=\"https:\/\/i0.wp.com\/www.sp21sacz.edu.pl\/wp-content\/uploads\/2020\/11\/129113048_382545262833801_2390057023986862316_n.jpg?w=800&amp;ssl=1 800w, https:\/\/i0.wp.com\/www.sp21sacz.edu.pl\/wp-content\/uploads\/2020\/11\/129113048_382545262833801_2390057023986862316_n.jpg?resize=300%2C225&amp;ssl=1 300w, https:\/\/i0.wp.com\/www.sp21sacz.edu.pl\/wp-content\/uploads\/2020\/11\/129113048_382545262833801_2390057023986862316_n.jpg?resize=768%2C576&amp;ssl=1 768w\" sizes=\"auto, (max-width: 800px) 100vw, 800px\" \/><\/a><\/figure><\/li><li class=\"blocks-gallery-item\"><figure><a href=\"https:\/\/i0.wp.com\/www.sp21sacz.edu.pl\/wp-content\/uploads\/2020\/11\/129232648_1344141905978007_4235693649749866291_n.jpg\"><img data-recalc-dims=\"1\" loading=\"lazy\" decoding=\"async\" width=\"600\" height=\"800\" src=\"https:\/\/i0.wp.com\/www.sp21sacz.edu.pl\/wp-content\/uploads\/2020\/11\/129232648_1344141905978007_4235693649749866291_n.jpg?resize=600%2C800\" alt=\"\" data-id=\"16687\" data-full-url=\"http:\/\/www.sp21sacz.edu.pl\/wp-content\/uploads\/2020\/11\/129232648_1344141905978007_4235693649749866291_n.jpg\" data-link=\"http:\/\/www.sp21sacz.edu.pl\/index.php\/2020\/11\/27\/dzien-pluszowego-misia-w-przedszkolu\/129232648_1344141905978007_4235693649749866291_n\/\" class=\"wp-image-16687\" srcset=\"https:\/\/i0.wp.com\/www.sp21sacz.edu.pl\/wp-content\/uploads\/2020\/11\/129232648_1344141905978007_4235693649749866291_n.jpg?w=600&amp;ssl=1 600w, https:\/\/i0.wp.com\/www.sp21sacz.edu.pl\/wp-content\/uploads\/2020\/11\/129232648_1344141905978007_4235693649749866291_n.jpg?resize=225%2C300&amp;ssl=1 225w\" sizes=\"auto, (max-width: 600px) 100vw, 600px\" \/><\/a><\/figure><\/li><\/ul><\/figure>\n","protected":false},"excerpt":{"rendered":"<p>W dniu 25 listopada Grupa Krasnoludki obchodzi\u0142a Dzie\u0144 Pluszowego Misia. Dzieci wykona\u0142y misiowe opaski na g\u0142ow\u0119, dzieli\u0142y si\u0119 z r\u00f3wie\u015bnikami informacjami na temat wygl\u0105du oraz imion swoich pluszowych przyjaci\u00f3\u0142. Po uko\u0144czeniu kolorowania wizerunku ulubionej przytulanki, nasz\u0105 grup\u0119 odwiedzi\u0142 Mi\u015b Uszatek z kt\u00f3rym dzieci zrobi\u0142y sobie pami\u0105tkowe zdj\u0119cie. &nbsp; U Maluszk\u00f3w Misie tak\u017ce mia\u0142y sw\u00f3j dzie\u0144. Przedszkolaki wzi\u0119\u0142y swoje pluszaki do<\/p>\n","protected":false},"author":1,"featured_media":0,"comment_status":"closed","ping_status":"closed","sticky":false,"template":"","format":"standard","meta":{"jetpack_post_was_ever_published":false,"_jetpack_newsletter_access":"","_jetpack_dont_email_post_to_subs":false,"_jetpack_newsletter_tier_id":0,"_jetpack_memberships_contains_paywalled_content":false,"_jetpack_memberships_contains_paid_content":false,"footnotes":""},"categories":[1],"tags":[],"class_list":["post-16582","post","type-post","status-publish","format-standard","hentry","category-bez-kategorii"],"jetpack_featured_media_url":"","jetpack_sharing_enabled":true,"_links":{"self":[{"href":"https:\/\/www.sp21sacz.edu.pl\/index.php\/wp-json\/wp\/v2\/posts\/16582","targetHints":{"allow":["GET"]}}],"collection":[{"href":"https:\/\/www.sp21sacz.edu.pl\/index.php\/wp-json\/wp\/v2\/posts"}],"about":[{"href":"https:\/\/www.sp21sacz.edu.pl\/index.php\/wp-json\/wp\/v2\/types\/post"}],"author":[{"embeddable":true,"href":"https:\/\/www.sp21sacz.edu.pl\/index.php\/wp-json\/wp\/v2\/users\/1"}],"replies":[{"embeddable":true,"href":"https:\/\/www.sp21sacz.edu.pl\/index.php\/wp-json\/wp\/v2\/comments?post=16582"}],"version-history":[{"count":3,"href":"https:\/\/www.sp21sacz.edu.pl\/index.php\/wp-json\/wp\/v2\/posts\/16582\/revisions"}],"predecessor-version":[{"id":16688,"href":"https:\/\/www.sp21sacz.edu.pl\/index.php\/wp-json\/wp\/v2\/posts\/16582\/revisions\/16688"}],"wp:attachment":[{"href":"https:\/\/www.sp21sacz.edu.pl\/index.php\/wp-json\/wp\/v2\/media?parent=16582"}],"wp:term":[{"taxonomy":"category","embeddable":true,"href":"https:\/\/www.sp21sacz.edu.pl\/index.php\/wp-json\/wp\/v2\/categories?post=16582"},{"taxonomy":"post_tag","embeddable":true,"href":"https:\/\/www.sp21sacz.edu.pl\/index.php\/wp-json\/wp\/v2\/tags?post=16582"}],"curies":[{"name":"wp","href":"https:\/\/api.w.org\/{rel}","templated":true}]}}