{"id":16088,"date":"2020-09-11T17:23:47","date_gmt":"2020-09-11T15:23:47","guid":{"rendered":"http:\/\/www.sp21sacz.edu.pl\/?p=16088"},"modified":"2020-09-11T17:23:47","modified_gmt":"2020-09-11T15:23:47","slug":"spotkania-z-rodzicami","status":"publish","type":"post","link":"https:\/\/www.sp21sacz.edu.pl\/index.php\/2020\/09\/11\/spotkania-z-rodzicami\/","title":{"rendered":"Spotkania z rodzicami"},"content":{"rendered":"\n<div>Dyrektor Zespo\u0142u Szkolno Przedszkolnego nr 3 w Nowym S\u0105czu informuj\u0119 o harmonogramie Zebra\u0144 z rodzicami.<\/div>\n<div>Przypominamy o obowi\u0105zku zas\u0142aniania ust i nosa na terenie szko\u0142y oraz o dezynfekcji d\u0142oni.<\/div>\n<div>\u00a0<\/div>\n<div>\n<p>\u00a0<\/p>\n<p><strong>Zebrania z Rodzicami uczni\u00f3w Szko\u0142y Podstawowej nr 21 z Oddzia\u0142ami Integracyjnymi<\/strong><\/p>\n<ol>\n<li><strong> \u015bw Jana Paw\u0142a II w Nowym S\u0105czu odb\u0119d\u0105 si\u0119 wg nast\u0119puj\u0105cego harmonogramu:<\/strong><\/li>\n<\/ol>\n<table>\n<tbody>\n<tr>\n<td colspan=\"3\" width=\"623\">\n<p><strong>15 wrze\u015bnia (wtorek) o godz 16:30<\/strong><\/p>\n<p>\u00a0<\/p>\n<\/td>\n<\/tr>\n<tr>\n<td width=\"151\">\n<p><strong>Klasa 1a<\/strong><\/p>\n<\/td>\n<td width=\"180\">\n<p>Sala 105<\/p>\n<\/td>\n<td width=\"293\">\n<p>p. Smajdor Kosakowska<\/p>\n<\/td>\n<\/tr>\n<tr>\n<td width=\"151\">\n<p><strong>Klasa 1b<\/strong><\/p>\n<\/td>\n<td width=\"180\">\n<p>Sala 108<\/p>\n<\/td>\n<td width=\"293\">\n<p>p. Rucha\u0142a<\/p>\n<\/td>\n<\/tr>\n<tr>\n<td width=\"151\">\n<p><strong>Klasa 1c<\/strong><\/p>\n<\/td>\n<td width=\"180\">\n<p>Sala 113<\/p>\n<\/td>\n<td width=\"293\">\n<p>p. Kli\u015b<\/p>\n<\/td>\n<\/tr>\n<tr>\n<td width=\"151\">\n<p><strong>Klasa 1d<\/strong><\/p>\n<\/td>\n<td width=\"180\">\n<p>Sala 104<\/p>\n<\/td>\n<td width=\"293\">\n<p>p. Ko\u017cuch<\/p>\n<\/td>\n<\/tr>\n<tr>\n<td width=\"151\">\n<p><strong>Klasa 1e<\/strong><\/p>\n<\/td>\n<td width=\"180\">\n<p>Sala 112<\/p>\n<\/td>\n<td width=\"293\">\n<p>p. Cisowska<\/p>\n<\/td>\n<\/tr>\n<tr>\n<td colspan=\"3\" width=\"623\">\n<p><strong>15 wrze\u015bnia (wtorek) o godz 18:00<\/strong><\/p>\n<p><strong>\u00a0<\/strong><\/p>\n<\/td>\n<\/tr>\n<tr>\n<td width=\"151\">\n<p><strong>Klasa 4a<\/strong><\/p>\n<\/td>\n<td width=\"180\">\n<p>Sala 015a<\/p>\n<\/td>\n<td width=\"293\">\n<p>p. Brzezowska<\/p>\n<\/td>\n<\/tr>\n<tr>\n<td width=\"151\">\n<p><strong>Klasa 4b<\/strong><\/p>\n<\/td>\n<td width=\"180\">\n<p>Sala 103<\/p>\n<\/td>\n<td width=\"293\">\n<p>p. Jawor<\/p>\n<\/td>\n<\/tr>\n<tr>\n<td width=\"151\">\n<p><strong>Klasa 4c<\/strong><\/p>\n<\/td>\n<td width=\"180\">\n<p>Sala 117<\/p>\n<\/td>\n<td width=\"293\">\n<p>p. Hebenstreit &#8211; Kudlik<\/p>\n<\/td>\n<\/tr>\n<tr>\n<td colspan=\"3\" width=\"623\">\n<p><strong>16 wrze\u015bnia (\u015broda) o godz 16:30<\/strong><\/p>\n<p><strong>\u00a0<\/strong><\/p>\n<\/td>\n<\/tr>\n<tr>\n<td width=\"151\">\n<p><strong>Klasa 2a<\/strong><\/p>\n<\/td>\n<td width=\"180\">\n<p>Sala 105<\/p>\n<\/td>\n<td width=\"293\">\n<p>p. G\u00f3ra<\/p>\n<\/td>\n<\/tr>\n<tr>\n<td width=\"151\">\n<p><strong>Klasa 2b<\/strong><\/p>\n<\/td>\n<td width=\"180\">\n<p>Sala 107<\/p>\n<\/td>\n<td width=\"293\">\n<p>p. Wastag<\/p>\n<\/td>\n<\/tr>\n<tr>\n<td width=\"151\">\n<p><strong>Klasa 2c<\/strong><\/p>\n<\/td>\n<td width=\"180\">\n<p>Sala 116<\/p>\n<\/td>\n<td width=\"293\">\n<p>p. Opa\u0142ek<\/p>\n<\/td>\n<\/tr>\n<tr>\n<td width=\"151\">\n<p><strong>Klasa 2d<\/strong><\/p>\n<\/td>\n<td width=\"180\">\n<p>Sala 108<\/p>\n<\/td>\n<td width=\"293\">\n<p>p. Wieczorek<\/p>\n<\/td>\n<\/tr>\n<tr>\n<td width=\"151\">\n<p><strong>Klasa 5a<\/strong><\/p>\n<\/td>\n<td width=\"180\">\n<p>Sala 117<\/p>\n<\/td>\n<td width=\"293\">\n<p>p. Damian<\/p>\n<\/td>\n<\/tr>\n<tr>\n<td width=\"151\">\n<p><strong>Klasa 5b<\/strong><\/p>\n<\/td>\n<td width=\"180\">\n<p>Sala 022a<\/p>\n<\/td>\n<td width=\"293\">\n<p>p. Merklinger<\/p>\n<\/td>\n<\/tr>\n<tr>\n<td width=\"151\">\n<p><strong>Klasa 5c<\/strong><\/p>\n<\/td>\n<td width=\"180\">\n<p>Sala 022<\/p>\n<\/td>\n<td width=\"293\">\n<p>p. Caba\u0142a<\/p>\n<\/td>\n<\/tr>\n<tr>\n<td colspan=\"3\" width=\"623\">\n<p><strong>16 wrze\u015bnia (\u015broda) o godz 18:00<\/strong><\/p>\n<p>\u00a0<\/p>\n<\/td>\n<\/tr>\n<tr>\n<td width=\"151\">\n<p><strong>Klasa 2e<\/strong><\/p>\n<\/td>\n<td width=\"180\">\n<p>Sala 116<\/p>\n<\/td>\n<td width=\"293\">\n<p>p. Lipi\u0144ska<\/p>\n<\/td>\n<\/tr>\n<tr>\n<td width=\"151\">\n<p><strong>Klasa 3a<\/strong><\/p>\n<\/td>\n<td width=\"180\">\n<p>Sala 104<\/p>\n<\/td>\n<td width=\"293\">\n<p>p. Kuchnia<\/p>\n<\/td>\n<\/tr>\n<tr>\n<td width=\"151\">\n<p><strong>Klasa 3b<\/strong><\/p>\n<\/td>\n<td width=\"180\">\n<p>Sala 113<\/p>\n<\/td>\n<td width=\"293\">\n<p>p. Klimek<\/p>\n<\/td>\n<\/tr>\n<tr>\n<td width=\"151\">\n<p><strong>Klasa 3c<\/strong><\/p>\n<\/td>\n<td width=\"180\">\n<p>Sala 112<\/p>\n<\/td>\n<td width=\"293\">\n<p>p. Jele\u0144<\/p>\n<\/td>\n<\/tr>\n<tr>\n<td width=\"151\">\n<p><strong>Klasa 6a<\/strong><\/p>\n<\/td>\n<td width=\"180\">\n<p>Sala 204<\/p>\n<\/td>\n<td width=\"293\">\n<p>p. Kulig<\/p>\n<\/td>\n<\/tr>\n<tr>\n<td width=\"151\">\n<p><strong>Klasa 6b<\/strong><\/p>\n<\/td>\n<td width=\"180\">\n<p>Sala 018<\/p>\n<\/td>\n<td width=\"293\">\n<p>p. Janik<\/p>\n<\/td>\n<\/tr>\n<tr>\n<td width=\"151\">\n<p><strong>Klasa 6c<\/strong><\/p>\n<\/td>\n<td width=\"180\">\n<p>Sala 016<\/p>\n<\/td>\n<td width=\"293\">\n<p>p. D\u0105browska<\/p>\n<\/td>\n<\/tr>\n<tr>\n<td width=\"151\">\n<p><strong>Klasa 6d<\/strong><\/p>\n<\/td>\n<td width=\"180\">\n<p>Sala 102<\/p>\n<\/td>\n<td width=\"293\">\n<p>p. Gawlikowska<\/p>\n<\/td>\n<\/tr>\n<tr>\n<td colspan=\"3\" width=\"623\">\n<p><strong>17 wrze\u015bnia (czwartek) o godz. 16:30<\/strong><\/p>\n<p><strong>\u00a0<\/strong><\/p>\n<\/td>\n<\/tr>\n<tr>\n<td width=\"151\">\n<p><strong>Klasa 7a<\/strong><\/p>\n<\/td>\n<td width=\"180\">\n<p>Sala 204<\/p>\n<\/td>\n<td width=\"293\">\n<p>p. Mirek<\/p>\n<\/td>\n<\/tr>\n<tr>\n<td width=\"151\">\n<p><strong>Klasa 7b<\/strong><\/p>\n<\/td>\n<td width=\"180\">\n<p>Sala 103<\/p>\n<\/td>\n<td width=\"293\">\n<p>p. Mozdyniewicz<\/p>\n<\/td>\n<\/tr>\n<tr>\n<td width=\"151\">\n<p><strong>Klasa 7c<\/strong><\/p>\n<\/td>\n<td width=\"180\">\n<p>Sala 017<\/p>\n<\/td>\n<td width=\"293\">\n<p>p. Kalisz<\/p>\n<\/td>\n<\/tr>\n<tr>\n<td width=\"151\">\n<p><strong>Klasa 7d<\/strong><\/p>\n<\/td>\n<td width=\"180\">\n<p>Sala 102<\/p>\n<\/td>\n<td width=\"293\">\n<p>p. Krzemie\u0144<\/p>\n<\/td>\n<\/tr>\n<tr>\n<td width=\"151\">\n<p><strong>Klasa 7e<\/strong><\/p>\n<\/td>\n<td width=\"180\">\n<p>Sala 015a<\/p>\n<\/td>\n<td width=\"293\">\n<p>p. Smole\u0144<\/p>\n<\/td>\n<\/tr>\n<tr>\n<td colspan=\"3\" width=\"623\">\n<p><strong>17 wrze\u015bnia (czwartek) o godz. 18:00<\/strong><\/p>\n<p>\u00a0<\/p>\n<\/td>\n<\/tr>\n<tr>\n<td width=\"151\">\n<p><strong>Klasa 8a<\/strong><\/p>\n<\/td>\n<td width=\"180\">\n<p>Sala 102<\/p>\n<\/td>\n<td width=\"293\">\n<p>p. Przychocka<\/p>\n<\/td>\n<\/tr>\n<tr>\n<td width=\"151\">\n<p><strong>Klasa 8b<\/strong><\/p>\n<\/td>\n<td width=\"180\">\n<p>Sala 016<\/p>\n<\/td>\n<td width=\"293\">\n<p>p. M\u0119\u017cyk St\u0119pie\u0144<\/p>\n<\/td>\n<\/tr>\n<tr>\n<td width=\"151\">\n<p><strong>Klasa 8c<\/strong><\/p>\n<\/td>\n<td width=\"180\">\n<p>Sala 129<\/p>\n<\/td>\n<td width=\"293\">\n<p>p. Rze\u017anik<\/p>\n<\/td>\n<\/tr>\n<\/tbody>\n<\/table>\n<p>\u00a0<\/p>\n<p>\u00a0<\/p>\n<p>\u00a0\u00a0\u00a0\u00a0\u00a0\u00a0\u00a0\u00a0\u00a0\u00a0\u00a0\u00a0\u00a0\u00a0\u00a0 <strong>Miejskie Przedszkole nr 6<\/strong><\/p>\n<p>\u00a0<\/p>\n<table>\n<tbody>\n<tr>\n<td width=\"85\">\n<p><strong>Grupa 1<\/strong><\/p>\n<\/td>\n<td width=\"293\">\n<p>17 wrze\u015bnia (czwartek) \u2013 SALA 115<\/p>\n<\/td>\n<td width=\"265\">\n<p>p. Fritz\u00a0\u00a0 p. Kulig<\/p>\n<\/td>\n<\/tr>\n<tr>\n<td width=\"85\">\n<p><strong>Grupa 2<\/strong><\/p>\n<\/td>\n<td width=\"293\">\n<p>17 wrze\u015bnia (czwartek) \u2013 SALA 117<\/p>\n<\/td>\n<td width=\"265\">\n<p>p. Wr\u00f3bel\u00a0 p.Bo\u0142oz<\/p>\n<\/td>\n<\/tr>\n<tr>\n<td width=\"85\">\n<p><strong>Grupa 3<\/strong><\/p>\n<\/td>\n<td width=\"293\">\n<p>14 wrze\u015bnia (poniedzia\u0142ek) \u2013 SALA 115<\/p>\n<\/td>\n<td width=\"265\">\n<p>p. Szczerba<\/p>\n<\/td>\n<\/tr>\n<tr>\n<td width=\"85\">\n<p><strong>Grupa 4<\/strong><\/p>\n<\/td>\n<td width=\"293\">\n<p>15 wrze\u015bnia (wtorek) \u2013 SALA 115<\/p>\n<\/td>\n<td width=\"265\">\n<p>p. Hojdys\u00a0\u00a0\u00a0 p. Michalik<\/p>\n<\/td>\n<\/tr>\n<tr>\n<td width=\"85\">\n<p><strong>Grupa 5<\/strong><\/p>\n<\/td>\n<td width=\"293\">\n<p>16 wrze\u015bnia (\u015broda) \u2013 SALA 115<\/p>\n<\/td>\n<td width=\"265\">\n<p>p. M\u00f3\u0142ka\u00a0\u00a0 p. Sajdak<\/p>\n<\/td>\n<\/tr>\n<tr>\n<td width=\"85\">\n<p><strong>Grupa 6<\/strong><\/p>\n<\/td>\n<td width=\"293\">\n<p>18 wrze\u015bnia (pi\u0105tek) \u2013 SALA 115<\/p>\n<\/td>\n<td width=\"265\">\n<p>p. Gancarczyk\u00a0 p. Wysocka<\/p>\n<\/td>\n<\/tr>\n<\/tbody>\n<\/table>\n<p>\u00a0<\/p>\n<\/div>\n","protected":false},"excerpt":{"rendered":"<p>Dyrektor Zespo\u0142u Szkolno Przedszkolnego nr 3 w Nowym S\u0105czu informuj\u0119 o harmonogramie Zebra\u0144 z rodzicami. Przypominamy o obowi\u0105zku zas\u0142aniania ust i nosa na terenie szko\u0142y oraz o dezynfekcji d\u0142oni. \u00a0 \u00a0 Zebrania z Rodzicami uczni\u00f3w Szko\u0142y Podstawowej nr 21 z Oddzia\u0142ami Integracyjnymi \u015bw Jana Paw\u0142a II w Nowym S\u0105czu odb\u0119d\u0105 si\u0119 wg nast\u0119puj\u0105cego harmonogramu: 15 wrze\u015bnia (wtorek) o godz 16:30<\/p>\n","protected":false},"author":1,"featured_media":16089,"comment_status":"closed","ping_status":"closed","sticky":false,"template":"","format":"standard","meta":{"jetpack_post_was_ever_published":false,"_jetpack_newsletter_access":"","_jetpack_dont_email_post_to_subs":false,"_jetpack_newsletter_tier_id":0,"_jetpack_memberships_contains_paywalled_content":false,"_jetpack_memberships_contains_paid_content":false,"footnotes":""},"categories":[1],"tags":[],"class_list":["post-16088","post","type-post","status-publish","format-standard","has-post-thumbnail","hentry","category-bez-kategorii"],"jetpack_featured_media_url":"https:\/\/i0.wp.com\/www.sp21sacz.edu.pl\/wp-content\/uploads\/2020\/09\/pobrane.jpg?fit=283%2C178&ssl=1","jetpack_sharing_enabled":true,"_links":{"self":[{"href":"https:\/\/www.sp21sacz.edu.pl\/index.php\/wp-json\/wp\/v2\/posts\/16088","targetHints":{"allow":["GET"]}}],"collection":[{"href":"https:\/\/www.sp21sacz.edu.pl\/index.php\/wp-json\/wp\/v2\/posts"}],"about":[{"href":"https:\/\/www.sp21sacz.edu.pl\/index.php\/wp-json\/wp\/v2\/types\/post"}],"author":[{"embeddable":true,"href":"https:\/\/www.sp21sacz.edu.pl\/index.php\/wp-json\/wp\/v2\/users\/1"}],"replies":[{"embeddable":true,"href":"https:\/\/www.sp21sacz.edu.pl\/index.php\/wp-json\/wp\/v2\/comments?post=16088"}],"version-history":[{"count":1,"href":"https:\/\/www.sp21sacz.edu.pl\/index.php\/wp-json\/wp\/v2\/posts\/16088\/revisions"}],"predecessor-version":[{"id":16090,"href":"https:\/\/www.sp21sacz.edu.pl\/index.php\/wp-json\/wp\/v2\/posts\/16088\/revisions\/16090"}],"wp:featuredmedia":[{"embeddable":true,"href":"https:\/\/www.sp21sacz.edu.pl\/index.php\/wp-json\/wp\/v2\/media\/16089"}],"wp:attachment":[{"href":"https:\/\/www.sp21sacz.edu.pl\/index.php\/wp-json\/wp\/v2\/media?parent=16088"}],"wp:term":[{"taxonomy":"category","embeddable":true,"href":"https:\/\/www.sp21sacz.edu.pl\/index.php\/wp-json\/wp\/v2\/categories?post=16088"},{"taxonomy":"post_tag","embeddable":true,"href":"https:\/\/www.sp21sacz.edu.pl\/index.php\/wp-json\/wp\/v2\/tags?post=16088"}],"curies":[{"name":"wp","href":"https:\/\/api.w.org\/{rel}","templated":true}]}}