{"id":948,"date":"2018-10-12T02:43:54","date_gmt":"2018-10-12T00:43:54","guid":{"rendered":"http:\/\/www.sp21sacz.edu.pl\/?p=948"},"modified":"2018-10-21T23:13:02","modified_gmt":"2018-10-21T21:13:02","slug":"podsumowanie-akcji-malopolska-w-zdrowej-atmosferze","status":"publish","type":"post","link":"http:\/\/www.sp21sacz.edu.pl\/index.php\/2018\/10\/12\/podsumowanie-akcji-malopolska-w-zdrowej-atmosferze\/","title":{"rendered":"\u201e Ma\u0142opolska w zdrowej atmosferze\u201d &#8211; podsumowanie akcji edukacyjnej"},"content":{"rendered":"<blockquote>\n<p style=\"text-align: justify;\">Na pocz\u0105tku wrze\u015bnia nasza szko\u0142a otrzyma\u0142a od Marsza\u0142ka Wojew\u00f3dztwa Ma\u0142opolskiego oczyszczacz powietrza, w ramach akcji \u201eMa\u0142opolska w zdrowej atmosferze\u201d. Oczyszczacz powietrza zosta\u0142 przekazany do oddzia\u0142u zerowego.<\/p>\n<p style=\"text-align: justify;\"><strong>10 pa\u017adziernika 2018 r<\/strong>. odby\u0142a si\u0119 uroczysto\u015b\u0107 podsumowuj\u0105ca t\u0105 akcj\u0119. Wzi\u0119li \u00a0w niej udzia\u0142 uczniowie oddzia\u0142\u00f3w\u00a0 przedszkolnych, klas pierwszych, klasy 6c\u00a0 wraz z nauczycielami oraz \u00a0rodzice uczni\u00f3w .<\/p>\n<p style=\"text-align: justify;\">Podsumowanie rozpocz\u0119\u0142a pani dyrektor Beata Mac, kt\u00f3ra przywita\u0142a zebranych i odczyta\u0142a \u201eList od Marsza\u0142ka Wojew\u00f3dztwa Ma\u0142opolskiego\u201d skierowany do Rodzic\u00f3w i Nauczycieli. Nast\u0119pnie zebrani obejrzeli\u00a0 dram\u0119 pt.:\u201eSmog\u201d, przygotowan\u0105 przez uczni\u00f3w klasy 5b pod kierunkiem pani\u00a0 Danuty D\u0105browskiej i pani \u00a0Marioli Mozdyniewicz.<\/p>\n<p style=\"text-align: justify;\">Kolejnym punktem uroczysto\u015bci by\u0142a prezentacja multimedialna pt.: \u201dCzyste powietrze wok\u00f3\u0142 nas\u201d. Skutki\u00a0 zanieczyszczenia powietrza, a szczeg\u00f3lnie\u00a0 wp\u0142yw smogu na nasze zdrowie przedstawili uczniowie klasy 5b i 6a przygotowani przez pani\u0105 Ew\u0119 Trojanowicz. Podczas prezentacji dzieci odpowiada\u0142y \u00a0na pytania, rozwi\u0105zywa\u0142y zagadki, recytowa\u0142y wiersz, kt\u00f3rego uczy\u0142y si\u0119 podczas zaj\u0119\u0107. Uczniowie wykazali si\u0119 wiedz\u0105 o czystym powietrzu i o tym jak nale\u017cy go chroni\u0107 przed zanieczyszczeniami.<\/p>\n<p style=\"text-align: justify;\">W sali teatralnej w kt\u00f3rej odby\u0142a si\u0119 uroczysto\u015b\u0107, przygotowano te\u017c wystaw\u0119 prac ekologicznych pod kierunkiem pani Beaty Przychockiej.<\/p>\n<p style=\"text-align: right;\">ET<\/p>\n<\/blockquote>\n<p>&nbsp;<\/p>\n\n","protected":false},"excerpt":{"rendered":"<p>Na pocz\u0105tku wrze\u015bnia nasza szko\u0142a otrzyma\u0142a od Marsza\u0142ka Wojew\u00f3dztwa Ma\u0142opolskiego oczyszczacz powietrza, w ramach akcji \u201eMa\u0142opolska w zdrowej atmosferze\u201d. Oczyszczacz powietrza zosta\u0142 przekazany do oddzia\u0142u zerowego. 10 pa\u017adziernika 2018 r. odby\u0142a si\u0119 uroczysto\u015b\u0107 podsumowuj\u0105ca t\u0105 akcj\u0119. Wzi\u0119li \u00a0w niej udzia\u0142 uczniowie oddzia\u0142\u00f3w\u00a0 przedszkolnych, klas pierwszych, klasy 6c\u00a0 wraz z nauczycielami oraz \u00a0rodzice uczni\u00f3w . Podsumowanie rozpocz\u0119\u0142a pani dyrektor Beata Mac,<\/p>\n","protected":false},"author":1,"featured_media":0,"comment_status":"closed","ping_status":"closed","sticky":false,"template":"","format":"standard","meta":{"jetpack_post_was_ever_published":false,"_jetpack_newsletter_access":"","_jetpack_dont_email_post_to_subs":false,"_jetpack_newsletter_tier_id":0,"_jetpack_memberships_contains_paywalled_content":false,"_jetpack_memberships_contains_paid_content":false,"footnotes":""},"categories":[1],"tags":[],"class_list":["post-948","post","type-post","status-publish","format-standard","hentry","category-bez-kategorii"],"jetpack_featured_media_url":"","jetpack_sharing_enabled":true,"_links":{"self":[{"href":"http:\/\/www.sp21sacz.edu.pl\/index.php\/wp-json\/wp\/v2\/posts\/948","targetHints":{"allow":["GET"]}}],"collection":[{"href":"http:\/\/www.sp21sacz.edu.pl\/index.php\/wp-json\/wp\/v2\/posts"}],"about":[{"href":"http:\/\/www.sp21sacz.edu.pl\/index.php\/wp-json\/wp\/v2\/types\/post"}],"author":[{"embeddable":true,"href":"http:\/\/www.sp21sacz.edu.pl\/index.php\/wp-json\/wp\/v2\/users\/1"}],"replies":[{"embeddable":true,"href":"http:\/\/www.sp21sacz.edu.pl\/index.php\/wp-json\/wp\/v2\/comments?post=948"}],"version-history":[{"count":9,"href":"http:\/\/www.sp21sacz.edu.pl\/index.php\/wp-json\/wp\/v2\/posts\/948\/revisions"}],"predecessor-version":[{"id":1091,"href":"http:\/\/www.sp21sacz.edu.pl\/index.php\/wp-json\/wp\/v2\/posts\/948\/revisions\/1091"}],"wp:attachment":[{"href":"http:\/\/www.sp21sacz.edu.pl\/index.php\/wp-json\/wp\/v2\/media?parent=948"}],"wp:term":[{"taxonomy":"category","embeddable":true,"href":"http:\/\/www.sp21sacz.edu.pl\/index.php\/wp-json\/wp\/v2\/categories?post=948"},{"taxonomy":"post_tag","embeddable":true,"href":"http:\/\/www.sp21sacz.edu.pl\/index.php\/wp-json\/wp\/v2\/tags?post=948"}],"curies":[{"name":"wp","href":"https:\/\/api.w.org\/{rel}","templated":true}]}}