{"id":904,"date":"2018-10-16T06:01:01","date_gmt":"2018-10-16T04:01:01","guid":{"rendered":"http:\/\/www.sp21sacz.edu.pl\/?p=904"},"modified":"2018-10-21T19:05:17","modified_gmt":"2018-10-21T17:05:17","slug":"pogrzeb-generala-bronislawa-pierackiego","status":"publish","type":"post","link":"http:\/\/www.sp21sacz.edu.pl\/index.php\/2018\/10\/16\/pogrzeb-generala-bronislawa-pierackiego\/","title":{"rendered":"Pogrzeb genera\u0142a Bronis\u0142awa Pierackiego"},"content":{"rendered":"<blockquote><p>W niedziel\u0119 14 pa\u017adziernika 2018 roku odby\u0142 si\u0119 powt\u00f3rny pogrzeb genera\u0142a Bronis\u0142awa Pierackiego, przedwojennego ministra spraw wewn\u0119trznych, kt\u00f3ry zgin\u0105\u0142 z r\u0105k zamachowca w 1934 roku.<\/p>\n<p>Nasz\u0105 szko\u0142\u0119 podczas tej uroczysto\u015bci patriotycznej reprezentowa\u0142 poczet sztandarowy wraz z pani\u0105 dyrektor i opiekunem samorz\u0105du uczniowskiego panem Rados\u0142awem Stawiarzem. \u00a0 <span style=\"font-size: 10pt;\"><a href=\"http:\/\/www.nowysacz.pl\/komunikaty-biura-prasowego\/19723\"><span style=\"color: #ff0000;\">czytaj<\/span> <span style=\"color: #ff0000;\">wi\u0119cej<\/span><\/a><\/span><\/p>\n<p style=\"text-align: right;\">MF<\/p>\n<\/blockquote>\n\n<p>&nbsp;<\/p>\n","protected":false},"excerpt":{"rendered":"<p>W niedziel\u0119 14 pa\u017adziernika 2018 roku odby\u0142 si\u0119 powt\u00f3rny pogrzeb genera\u0142a Bronis\u0142awa Pierackiego, przedwojennego ministra spraw wewn\u0119trznych, kt\u00f3ry zgin\u0105\u0142 z r\u0105k zamachowca w 1934 roku. Nasz\u0105 szko\u0142\u0119 podczas tej uroczysto\u015bci patriotycznej reprezentowa\u0142 poczet sztandarowy wraz z pani\u0105 dyrektor i opiekunem samorz\u0105du uczniowskiego panem Rados\u0142awem Stawiarzem. \u00a0 czytaj wi\u0119cej MF &nbsp;<\/p>\n","protected":false},"author":1,"featured_media":0,"comment_status":"closed","ping_status":"closed","sticky":false,"template":"","format":"standard","meta":{"jetpack_post_was_ever_published":false,"_jetpack_newsletter_access":"","_jetpack_dont_email_post_to_subs":false,"_jetpack_newsletter_tier_id":0,"_jetpack_memberships_contains_paywalled_content":false,"_jetpack_memberships_contains_paid_content":false,"footnotes":""},"categories":[1],"tags":[],"class_list":["post-904","post","type-post","status-publish","format-standard","hentry","category-bez-kategorii"],"jetpack_featured_media_url":"","jetpack_sharing_enabled":true,"_links":{"self":[{"href":"http:\/\/www.sp21sacz.edu.pl\/index.php\/wp-json\/wp\/v2\/posts\/904","targetHints":{"allow":["GET"]}}],"collection":[{"href":"http:\/\/www.sp21sacz.edu.pl\/index.php\/wp-json\/wp\/v2\/posts"}],"about":[{"href":"http:\/\/www.sp21sacz.edu.pl\/index.php\/wp-json\/wp\/v2\/types\/post"}],"author":[{"embeddable":true,"href":"http:\/\/www.sp21sacz.edu.pl\/index.php\/wp-json\/wp\/v2\/users\/1"}],"replies":[{"embeddable":true,"href":"http:\/\/www.sp21sacz.edu.pl\/index.php\/wp-json\/wp\/v2\/comments?post=904"}],"version-history":[{"count":5,"href":"http:\/\/www.sp21sacz.edu.pl\/index.php\/wp-json\/wp\/v2\/posts\/904\/revisions"}],"predecessor-version":[{"id":1040,"href":"http:\/\/www.sp21sacz.edu.pl\/index.php\/wp-json\/wp\/v2\/posts\/904\/revisions\/1040"}],"wp:attachment":[{"href":"http:\/\/www.sp21sacz.edu.pl\/index.php\/wp-json\/wp\/v2\/media?parent=904"}],"wp:term":[{"taxonomy":"category","embeddable":true,"href":"http:\/\/www.sp21sacz.edu.pl\/index.php\/wp-json\/wp\/v2\/categories?post=904"},{"taxonomy":"post_tag","embeddable":true,"href":"http:\/\/www.sp21sacz.edu.pl\/index.php\/wp-json\/wp\/v2\/tags?post=904"}],"curies":[{"name":"wp","href":"https:\/\/api.w.org\/{rel}","templated":true}]}}