{"id":1471,"date":"2018-09-24T02:39:15","date_gmt":"2018-09-24T00:39:15","guid":{"rendered":"http:\/\/www.sp21sacz.edu.pl\/?p=1471"},"modified":"2018-11-18T08:52:04","modified_gmt":"2018-11-18T07:52:04","slug":"pazdziernik-miedzynarodowy-miesiac-bibliotek-szkolnych","status":"publish","type":"post","link":"http:\/\/www.sp21sacz.edu.pl\/index.php\/2018\/09\/24\/pazdziernik-miedzynarodowy-miesiac-bibliotek-szkolnych\/","title":{"rendered":"Pa\u017adziernik &#8211; Mi\u0119dzynarodowy Miesi\u0105c Bibliotek Szkolnych"},"content":{"rendered":"<blockquote>\n<p style=\"text-align: justify;\"><span style=\"font-size: 12pt;\">\u015awi\u0119to <strong>\u201eMi\u0119dzynarodowy Miesi\u0105c Bibliotek Szkolnych\u201d<\/strong> zosta\u0142o ustanowione przez Mi\u0119dzynarodowe Stowarzyszenie Bibliotekarstwa Szkolnego (ang. International Association of School Librarianship) w 1999 r. Najpierw by\u0142 to jeden dzie\u0144, a od 2008 r. \u2013 ca\u0142y pa\u017adziernik. \u015awi\u0119to ma na celu zwr\u00f3cenie uwagi na ogromn\u0105 rol\u0119 biblioteki w \u017cyciu szko\u0142y oraz w nauce i rozwijaniu zainteresowa\u0144 czytelniczych.<\/span><\/p>\n<p style=\"text-align: justify;\"><span style=\"font-size: 12pt;\">W ramach obchod\u00f3w MMBSz zapraszamy uczni\u00f3w do w\u0142\u0105czenia si\u0119 w akcje i konkursy organizowane przez bibliotek\u0119 szkoln\u0105: konkurs na klas\u0119, kt\u00f3ra przeczyta najwi\u0119cej ksi\u0105\u017cek \u00a0w danym roku szkolnym oraz <strong>konkurs plastyczny na maskotk\u0119 biblioteki<\/strong>.<\/span><\/p>\n<p><span style=\"font-size: 12pt;\">REGULAMIN:<\/span><\/p>\n<ol>\n<li style=\"text-align: justify;\"><span style=\"font-size: 12pt;\">Konkurs trwa od 24 wrze\u015bnia do 24 pa\u017adziernika 2018 roku.<\/span><\/li>\n<li style=\"text-align: justify;\"><span style=\"font-size: 12pt;\">W konkursie mog\u0105 bra\u0107 udzia\u0142 wszyscy uczniowie SP 21.<\/span><\/li>\n<li style=\"text-align: justify;\"><span style=\"font-size: 12pt;\">\u00a0Nagrodzone zostan\u0105 dwie najlepsze prace, pozosta\u0142e otrzymaj\u0105 dyplomy lub punkty z zachowania ustalone w Statucie Szko\u0142y.<\/span><\/li>\n<li style=\"text-align: justify;\"><span style=\"font-size: 12pt;\">Wygrane projekty zostan\u0105 maskotkami biblioteki, a ich wizerunki b\u0119d\u0105 u\u017cywane do ozdabiania biblioteki szkolnej i og\u0142osze\u0144 z ni\u0105 zwi\u0105zanych.<\/span><\/li>\n<li style=\"text-align: justify;\"><span style=\"font-size: 12pt;\">Technika: dowolna praca plastyczna na formacie A4 lub A3.<\/span><\/li>\n<li style=\"text-align: justify;\"><span style=\"font-size: 12pt;\">Do ka\u017cdej pracy musi by\u0107 do\u0142\u0105czona karta ze zgod\u0105 rodzic\u00f3w \u2013 do odebrania w bibliotece szkolnej.<\/span><\/li>\n<li style=\"text-align: justify;\"><span style=\"font-size: 12pt;\">Pe\u0142ny regulamin konkursu jest do wgl\u0105du w bibliotece szkolnej.<\/span><\/li>\n<\/ol>\n<p>&nbsp;<\/p>\n<p style=\"text-align: justify;\"><span style=\"font-size: 12pt;\">Kolejnymi akcjami, kt\u00f3re odb\u0119d\u0105 si\u0119 w naszej bibliotece na prze\u0142omie pa\u017adziernika i listopada, s\u0105:<strong> \u201eDzie\u0144 G\u0142o\u015bnego Czytania\u201d<\/strong>,<strong> \u201eMi\u0119dzynarodowy Dzie\u0144 Postaci z Bajek\u201d<\/strong> oraz <strong>\u201ePasowanie na Czytelnika\u201d<\/strong> uczni\u00f3w klas pierwszych.<\/span><\/p>\n<p style=\"text-align: justify;\"><span style=\"font-size: 12pt;\">Na gazetce \u015bciennej w bibliotece pojawi\u0105 si\u0119 te\u017c informacje na temat ciekawych wydarze\u0144 w innych nowos\u0105deckich bibliotekach. Na bie\u017c\u0105co wystawiamy r\u00f3wnie\u017c do przegl\u0105dania interesuj\u0105ce tytu\u0142y dla wszystkich grup wiekowych.<\/span><\/p>\n<p style=\"text-align: justify;\"><span style=\"font-size: 12pt;\">Zapraszamy r\u00f3wnie\u017c uczni\u00f3w do udzia\u0142u w dzia\u0142aniach wolontaryjnych w ramach akcji <strong>\u201eLekarze ksi\u0105\u017cek\u201d,<\/strong> kt\u00f3rej celem jest zaanga\u017cowanie dzieci i m\u0142odzie\u017cy w prac\u0119 biblioteki szkolnej i wykszta\u0142cenie postawy szacunku dla ksi\u0105\u017cki. Udzia\u0142 w akcji polega na wykonywaniu gazetek tematycznych, pomocy w porz\u0105dkowaniu ksi\u0105\u017cek, ich oprawie, podklejaniu i wyszukiwaniu uszkodze\u0144 w egzemplarzach. Do dzia\u0142a\u0144 wolontariatu bibliotecznego mo\u017ce zg\u0142osi\u0107 si\u0119 ka\u017cdy ucze\u0144 &#8211; na przerwach oraz przed i po lekcjach.<\/span><\/p>\n<p style=\"text-align: justify;\"><span style=\"font-size: 12pt;\">Zach\u0119camy wszystkich do odwiedzenia biblioteki, zapoznania si\u0119 z nowo\u015bciami wydawniczymi oraz do korzystania ze zbior\u00f3w.<\/span><\/p>\n<p style=\"text-align: right;\">AK<\/p>\n<\/blockquote>\n","protected":false},"excerpt":{"rendered":"<p>\u015awi\u0119to \u201eMi\u0119dzynarodowy Miesi\u0105c Bibliotek Szkolnych\u201d zosta\u0142o ustanowione przez Mi\u0119dzynarodowe Stowarzyszenie Bibliotekarstwa Szkolnego (ang. International Association of School Librarianship) w 1999 r. Najpierw by\u0142 to jeden dzie\u0144, a od 2008 r. \u2013 ca\u0142y pa\u017adziernik. \u015awi\u0119to ma na celu zwr\u00f3cenie uwagi na ogromn\u0105 rol\u0119 biblioteki w \u017cyciu szko\u0142y oraz w nauce i rozwijaniu zainteresowa\u0144 czytelniczych. W ramach obchod\u00f3w MMBSz zapraszamy uczni\u00f3w do<\/p>\n","protected":false},"author":1,"featured_media":0,"comment_status":"closed","ping_status":"closed","sticky":false,"template":"","format":"standard","meta":{"jetpack_post_was_ever_published":false,"_jetpack_newsletter_access":"","_jetpack_dont_email_post_to_subs":false,"_jetpack_newsletter_tier_id":0,"_jetpack_memberships_contains_paywalled_content":false,"_jetpack_memberships_contains_paid_content":false,"footnotes":""},"categories":[1],"tags":[],"class_list":["post-1471","post","type-post","status-publish","format-standard","hentry","category-bez-kategorii"],"jetpack_featured_media_url":"","jetpack_sharing_enabled":true,"_links":{"self":[{"href":"http:\/\/www.sp21sacz.edu.pl\/index.php\/wp-json\/wp\/v2\/posts\/1471","targetHints":{"allow":["GET"]}}],"collection":[{"href":"http:\/\/www.sp21sacz.edu.pl\/index.php\/wp-json\/wp\/v2\/posts"}],"about":[{"href":"http:\/\/www.sp21sacz.edu.pl\/index.php\/wp-json\/wp\/v2\/types\/post"}],"author":[{"embeddable":true,"href":"http:\/\/www.sp21sacz.edu.pl\/index.php\/wp-json\/wp\/v2\/users\/1"}],"replies":[{"embeddable":true,"href":"http:\/\/www.sp21sacz.edu.pl\/index.php\/wp-json\/wp\/v2\/comments?post=1471"}],"version-history":[{"count":8,"href":"http:\/\/www.sp21sacz.edu.pl\/index.php\/wp-json\/wp\/v2\/posts\/1471\/revisions"}],"predecessor-version":[{"id":1492,"href":"http:\/\/www.sp21sacz.edu.pl\/index.php\/wp-json\/wp\/v2\/posts\/1471\/revisions\/1492"}],"wp:attachment":[{"href":"http:\/\/www.sp21sacz.edu.pl\/index.php\/wp-json\/wp\/v2\/media?parent=1471"}],"wp:term":[{"taxonomy":"category","embeddable":true,"href":"http:\/\/www.sp21sacz.edu.pl\/index.php\/wp-json\/wp\/v2\/categories?post=1471"},{"taxonomy":"post_tag","embeddable":true,"href":"http:\/\/www.sp21sacz.edu.pl\/index.php\/wp-json\/wp\/v2\/tags?post=1471"}],"curies":[{"name":"wp","href":"https:\/\/api.w.org\/{rel}","templated":true}]}}